{"id":1539,"date":"2015-02-03T14:11:26","date_gmt":"2015-02-03T19:11:26","guid":{"rendered":"http:\/\/soyrojinegro.com\/web\/?p=1539"},"modified":"2015-02-03T14:11:26","modified_gmt":"2015-02-03T19:11:26","slug":"pensando-en-santa-fe","status":"publish","type":"post","link":"https:\/\/soyrojinegro.com\/web\/pensando-en-santa-fe\/","title":{"rendered":"Pensando en Santa Fe"},"content":{"rendered":"<p>Arranc\u00f3 la semana de trabajos del C\u00facuta Deportivo, la cita muy temprano en el Estadio General Santander para hacer jornada de reacondicionamiento f\u00edsico que ir\u00e1 aumentando hasta el s\u00e1bado el d\u00eda del juego frente a Independiente Santa Fe sobre las 8 pm.<\/p>\n<p>Entre las novedades, el m\u00e9dico \u00c9dgar Cardona en un comunicado asegura que el defensor argentino Franco Sosa ser\u00e1 sometido a una intervenci\u00f3n de cirug\u00eda pl\u00e1stica, mientras Luis Vergara continuar\u00e1 con su recuperaci\u00f3n. Depende de la evoluci\u00f3n de Sosa, podr\u00e1 ser tenido en cuenta para el juego frente al equipo capitalino.<\/p>\n<p>Ser\u00e1n inscritos los jugadores \u00c9dwin M\u00f3vil, Jefferson Murillo, Franco de Giglio, para el presente campeonato y muy seguramente pueden estar a disposici\u00f3n del entrenador, debido a la reducida n\u00f3mina que tiene el equipo.<\/p>\n<p>C\u00facuta Deportivo colocar\u00e1 este martes la boleter\u00eda para el juego frente a Santa Fe que presentar\u00e1 dos bajas, Daniel Torres y Juan Daniel Roa ser\u00e1n los hombres que estar\u00e1n por fuera de la n\u00f3mina viajera.<\/p>\n<p>Ya pas\u00f3 el tema del triunfo ahora los trabajos se encaminan en como controlar al actual campe\u00f3n del f\u00fatbol colombiano, un equipo muy t\u00e1ctico, demasiado peligroso con la pelota quieta y que llegar\u00e1 a la ciudad con la idea clara de llevarse los puntos, porque en su primera salida frente a Equidad empat\u00f3 a dos goles y necesita no perderle la pista a los primeros lugares de la tabla, mientras\u00a0nuestro equipo espera sacar provecho a estos dos partidos de local, para reafirmar el buen comienzo y como se dir\u00eda en los bolos poder cobrar esa mo\u00f1ona.<\/p>\n<p>Ha surgido varios temas, como el tema del ingreso,\u00a0hay incoformidad por la log\u00edstica\u00a0para los partidos, reventa de boletas y\u00a0el propio\u00a0aforo que de\u00a0la noche a la ma\u00f1ana se redujo de 36 mil personas a\u00a033 mil 735 aficionados. Un llamado para que exista claridad en todos estos temas y no empiecen a\u00a0espantar a la afici\u00f3n con este tipo de circunstancias.<\/p>\n<p>[divider]<\/p>\n<h3><strong>CASO LAZAGA<\/strong><\/h3>\n<p>DIMAYOR\u00a0&#8220;Art\u00edculo 3\u00ba. Conducta del jugador Marco Lazaga L\u00e1valos, jugador inscrito con el C\u00facuta Deportivo S.A., con ocasi\u00f3n del partido disputado por la 3\u00aa fecha de los Cuadrangulares \u00c1guila de Ascenso 2015 contra el club Deportes Quind\u00edo S.A.: Se traslada el expediente a la Comisi\u00f3n Disciplinaria de la Dimayor para que se investigue una presunta violaci\u00f3n de las normas generales deportivas (Art. 113 CDU).&#8221;<\/p>\n<p><a href=\"http:\/\/soyrojinegro.com\/web\/wp-content\/uploads\/2015\/02\/Resolucion-005-2015-COMITE-DISCIPLINARIO-DEL-CAMPEONATO-4.jpg\" target=\"_blank\"><img fetchpriority=\"high\" decoding=\"async\" class=\"alignnone wp-image-1544 size-full\" src=\"http:\/\/soyrojinegro.com\/web\/wp-content\/uploads\/2015\/02\/Resolucion-005-2015-COMITE-DISCIPLINARIO-DEL-CAMPEONATO-4.jpg\" alt=\"Resolucion-005-2015-COMITE-DISCIPLINARIO-DEL-CAMPEONATO-4\" width=\"900\" height=\"782\" \/><\/a><\/p>\n","protected":false},"excerpt":{"rendered":"<p>Arranc\u00f3 la semana de trabajos del C\u00facuta Deportivo, la cita muy temprano en el Estadio General Santander para hacer jornada de reacondicionamiento f\u00edsico que ir\u00e1 aumentando hasta el s\u00e1bado el d\u00eda del juego frente a Independiente Santa Fe sobre las 8 pm. Entre las novedades, el m\u00e9dico \u00c9dgar Cardona en un comunicado asegura que el [&hellip;]<\/p>\n","protected":false},"author":1,"featured_media":1541,"comment_status":"closed","ping_status":"open","sticky":false,"template":"","format":"standard","meta":{"footnotes":""},"categories":[2,3,65],"tags":[78,23,31,79],"class_list":["post-1539","post","type-post","status-publish","format-standard","has-post-thumbnail","hentry","category-cucuta-deportivo","category-noticias","category-torneo","tag-comienzan-trabajos","tag-cucuta-deportivo-2","tag-santa-fe","tag-segunda-fecha"],"_links":{"self":[{"href":"https:\/\/soyrojinegro.com\/web\/wp-json\/wp\/v2\/posts\/1539","targetHints":{"allow":["GET"]}}],"collection":[{"href":"https:\/\/soyrojinegro.com\/web\/wp-json\/wp\/v2\/posts"}],"about":[{"href":"https:\/\/soyrojinegro.com\/web\/wp-json\/wp\/v2\/types\/post"}],"author":[{"embeddable":true,"href":"https:\/\/soyrojinegro.com\/web\/wp-json\/wp\/v2\/users\/1"}],"replies":[{"embeddable":true,"href":"https:\/\/soyrojinegro.com\/web\/wp-json\/wp\/v2\/comments?post=1539"}],"version-history":[{"count":0,"href":"https:\/\/soyrojinegro.com\/web\/wp-json\/wp\/v2\/posts\/1539\/revisions"}],"wp:featuredmedia":[{"embeddable":true,"href":"https:\/\/soyrojinegro.com\/web\/wp-json\/"}],"wp:attachment":[{"href":"https:\/\/soyrojinegro.com\/web\/wp-json\/wp\/v2\/media?parent=1539"}],"wp:term":[{"taxonomy":"category","embeddable":true,"href":"https:\/\/soyrojinegro.com\/web\/wp-json\/wp\/v2\/categories?post=1539"},{"taxonomy":"post_tag","embeddable":true,"href":"https:\/\/soyrojinegro.com\/web\/wp-json\/wp\/v2\/tags?post=1539"}],"curies":[{"name":"wp","href":"https:\/\/api.w.org\/{rel}","templated":true}]}}