{"id":1603,"date":"2015-02-16T07:15:35","date_gmt":"2015-02-16T12:15:35","guid":{"rendered":"http:\/\/soyrojinegro.com\/web\/?p=1603"},"modified":"2015-02-16T07:15:35","modified_gmt":"2015-02-16T12:15:35","slug":"el-hincha-del-cucuta-no-deberia-sufrir","status":"publish","type":"post","link":"https:\/\/soyrojinegro.com\/web\/el-hincha-del-cucuta-no-deberia-sufrir\/","title":{"rendered":"El hincha del C\u00facuta, no deber\u00eda sufrir"},"content":{"rendered":"<p>Cuando se es hincha de un equipo se est\u00e1 expuesto a que su conjunto gane, empate o pierda, eso es claro. En el caso del C\u00facuta sus hinchas se acostumbraron a que su equipo les de mas tristezas que alegr\u00edas. Salvo un t\u00edtulo en 2006, una semifinal de Copa Libertadores en 2007, dos ascensos recientes en 2005 y ahora en los cuadrangulares que program\u00f3 la Dimayor, han sido mas los sufrimientos que las dichas. Y la verdad, no deber\u00eda ser as\u00ed.<\/p>\n<p>El hincha del C\u00facuta no deber\u00eda sufrir porque es fiel, acompa\u00f1a en las buenas y en las malas y ha demostrado hasta la saciedad que si le montan buenos equipos el estadio siempre est\u00e1 lleno. Es un hincha noble y a pesar de los continuos\u00a0 fracasos nunca ha pedido la fe en su amada rojinegra como dice Rodrigo.<\/p>\n<p>Trayendo lo anterior al presente y meti\u00e9ndonos de lleno en la actualidad del<br \/>\nCucuta, cuatro puntos de 12 posibles es un 30% de rendimiento que pasa por lo regular tendiendo a mal. Un triunfo, un empate y dos derrotas, marcan el balance de las primeras cuatro jornadas del torneo I 2025. Pero mas que eso lo que tiene sufriendo al hincha, son las maneras como se encajaron las derrotas, ambas 3 a 0, ambas sin jugar bien, ambas con errores en defensa y ambas sin un planteamiento ofensivo definido, con un equipo timorato y sin ideas para buscar el arco contrario.<\/p>\n<p>Puede que a algunos no les guste que se diga esto, pero es mejor expresarlo ahora al principio cuando quedan tiempo y fechas para no repetir lo que se hizo en Tunja y Bogot\u00e1. Bien lo dec\u00eda mi abuelita, alma bendita, &#8220;Mijito, esto no es como comienza, sino como termina&#8221;, sabia frase que para el f\u00fatbol esta ni mandada a hacer.<\/p>\n<p>Pero como no es solo lo de los dos malos resultados, sino tambi\u00e9n lo que muchos opinan de la conformaci\u00f3n de la n\u00f3mina, pues mi opini\u00f3n es que hicieron falta verdaderos refuerzos, porque contrataciones si hubo. El equipo hasta el momento no ha mostrado un generador de ideas, no tiene en la mitad a un capit\u00e1n o un teniente que acompa\u00f1en al General Bedoya y tampoco en defensa ha mostrado a un l\u00edder que imponga respeto atr\u00e1s, cada vez que los rivales atacan.<\/p>\n<p>Al t\u00e9cnico Su\u00e1rez hay que dejarlo trabajar para que pronto encuentre el equipo base, que por el momento no parece tenerlo. En cuatro fechas, el C\u00facuta no arranca futbol\u00edsticamente y lo de sumar puntos es necesario porque la tabla del promedio no perdona.<\/p>\n<p>Y al Presidente Jos\u00e9\u00a0 Augusto Cadena aparte de desearle todos los \u00e9xitos, los mismos que le expres\u00e9 en Bogot\u00e1 cuando los cuadrangulares, escribirle que para mi concepto se qued\u00f3 corto en los refuerzos, as\u00ed los que haya contratado para los cuadrangulares como Bedoya, Jimenez, Lazaga y Sosa hayan rendido y se haya conseguido el primer objetivo que era clasificar a la A. Creo que con los cupos que se ten\u00edan disponibles para contratar antes del viernes 13, se hubiese podido traer m\u00ednimo un par de jugadores de cartel para reforzar el equipo y con los que seguramente &#8220;el torniquete&#8221; se hubiese movido mucho mas. Pero, no se puede llorar sobre la leche derramada, con estos 25 hay que afrontar el primer torneo, en el que ojal\u00e1 el equipo sume los puntos necesarios para alejarse de ese incomodo fantasma que se acostumbr\u00f3 a asustarlo, el descenso. Ya habr\u00e1 tiempo para los balances terminado este torneo y all\u00ed sabremos si los equivocados \u00e9ramos nosotros o los responsables de la parte directiva.<\/p>\n<p>Y a la afici\u00f3n la invito a apoyar al equipo, a acompa\u00f1arlo, a no darle la espalda, en estos momentos, se necesitan las tribunas con la fiel hinchada rojinegra, esa misma que insisto deber\u00eda estar gozando, celebrando triunfos y no sufriendo como ha pasado luego de las dos derrotas ante Patriotas y Millonarios.<\/p>\n<p>Carlos Orduz Rubio<br \/>\nPeriodista &#8211; Presentador<\/p>\n","protected":false},"excerpt":{"rendered":"<p>Cuando se es hincha de un equipo se est\u00e1 expuesto a que su conjunto gane, empate o pierda, eso es claro. En el caso del C\u00facuta sus hinchas se acostumbraron a que su equipo les de mas tristezas que alegr\u00edas. Salvo un t\u00edtulo en 2006, una semifinal de Copa Libertadores en 2007, dos ascensos recientes [&hellip;]<\/p>\n","protected":false},"author":1,"featured_media":1604,"comment_status":"closed","ping_status":"open","sticky":false,"template":"","format":"standard","meta":{"footnotes":""},"categories":[4,88],"tags":[],"class_list":["post-1603","post","type-post","status-publish","format-standard","has-post-thumbnail","hentry","category-eventos","category-opinion"],"_links":{"self":[{"href":"https:\/\/soyrojinegro.com\/web\/wp-json\/wp\/v2\/posts\/1603","targetHints":{"allow":["GET"]}}],"collection":[{"href":"https:\/\/soyrojinegro.com\/web\/wp-json\/wp\/v2\/posts"}],"about":[{"href":"https:\/\/soyrojinegro.com\/web\/wp-json\/wp\/v2\/types\/post"}],"author":[{"embeddable":true,"href":"https:\/\/soyrojinegro.com\/web\/wp-json\/wp\/v2\/users\/1"}],"replies":[{"embeddable":true,"href":"https:\/\/soyrojinegro.com\/web\/wp-json\/wp\/v2\/comments?post=1603"}],"version-history":[{"count":0,"href":"https:\/\/soyrojinegro.com\/web\/wp-json\/wp\/v2\/posts\/1603\/revisions"}],"wp:featuredmedia":[{"embeddable":true,"href":"https:\/\/soyrojinegro.com\/web\/wp-json\/"}],"wp:attachment":[{"href":"https:\/\/soyrojinegro.com\/web\/wp-json\/wp\/v2\/media?parent=1603"}],"wp:term":[{"taxonomy":"category","embeddable":true,"href":"https:\/\/soyrojinegro.com\/web\/wp-json\/wp\/v2\/categories?post=1603"},{"taxonomy":"post_tag","embeddable":true,"href":"https:\/\/soyrojinegro.com\/web\/wp-json\/wp\/v2\/tags?post=1603"}],"curies":[{"name":"wp","href":"https:\/\/api.w.org\/{rel}","templated":true}]}}