{"id":1653,"date":"2015-03-01T11:01:27","date_gmt":"2015-03-01T16:01:27","guid":{"rendered":"http:\/\/soyrojinegro.com\/web\/?p=1653"},"modified":"2015-03-01T11:01:27","modified_gmt":"2015-03-01T16:01:27","slug":"las-frases-de-suarez","status":"publish","type":"post","link":"https:\/\/soyrojinegro.com\/web\/las-frases-de-suarez\/","title":{"rendered":"Las frases de Su\u00e1rez"},"content":{"rendered":"<p>Desde la llegada de Jos\u00e9 Alberto Su\u00e1rez a\u00a0C\u00facuta nos empezamos a dar cuenta y confirmar los rumores que llegaban desde\u00a0de Bucaramanga de Jos\u00e9 Augusto Cadena, de la primera \u201cca\u00edda\u201d nos dimos cuenta el mismo d\u00eda de la presentaci\u00f3n de Su\u00e1rez, y se da porque cuando se estaba realizando el proceso para contratar el nuevo t\u00e9cnico, la oficina de comunicaciones del equipo dio a conocer a trav\u00e9s de un bolet\u00edn de prensa, como se iba a desarrollar el proceso de contrataci\u00f3n, el cual inclu\u00eda, entre otras cosas un cuestionario y un test psicot\u00e9cnico, el cual confirm\u00f3 el estratega vallecaucano que nunca se le hizo.<\/p>\n<p>Ese mismo 10 de junio de 2014, en el escenario previsto para la presentaci\u00f3n del nuevo cuerpo t\u00e9cnico &#8220;motil\u00f3n&#8221;, Su\u00e1rez dijo: \u201cYo soy un hombre de car\u00e1cter, nadie m\u00e1s que yo, dispone de las alineaciones en los equipos que dirijo\u201d, \u00e9sta frase dej\u00f3 tranquilidad en los periodistas que asistieron ese d\u00eda al evento, pues el anterior t\u00e9cnico del equipo hab\u00eda salido, cuando el se\u00f1or Cadena intent\u00f3 manipular a H\u00e9ctor Estrada y de forma grosera e ignorando conductas de indisciplina de dos jugadores, los quiso incluir en una n\u00f3mina viajera para enfrentar un partido en condici\u00f3n de visitante, el saldo: &#8220;Renuncia&#8221; irrevocable de H\u00e9ctor Estrada y su cuerpo t\u00e9cnico.<\/p>\n<p>Seguramente la actitud de Alberto Su\u00e1rez suele indisponer a sus jugadores, y es que despu\u00e9s de los partidos el T\u00e9cnico se iba lanza en ristre contra sus mismos hombres, Martin Morel y H\u00e9ctor Ra\u00fal Mancilla los m\u00e1s atacados en 2014.<\/p>\n<p>Los casos m\u00e1s recientes se dieron este a\u00f1o, cuando C\u00facuta Deportivo cay\u00f3 goleado en\u00a0Bogot\u00e1 a manos de los Millonarios, Su\u00e1rez cual campante dijo que \u201cvarios jugadores del equipo estaban distra\u00eddos viendo el campin todo de azul\u201d seg\u00fan \u00e9l, porque nunca hab\u00edan jugado en un estadio tan imponente.<\/p>\n<p>Adem\u00e1s trata de justificar la no convocatoria de jugadores aludiendo afectaciones de salud y otras excusas, el caso puntual se present\u00f3 con el delantero paraguayo Marcos Lazaga, al que no convoca por supuesta enfermedad, cosa que el jugador desminti\u00f3, tampoco lo tiene en cuenta por tratar de evitar situaciones que puedan afectar al jugador por parte de la prensa, en fin, existe en su repertorio cualquier cantidad de excusas para no alinear al extranjero a tal punto que se nota ya, el inconformismo por parte del ariete guaran\u00ed.<\/p>\n<p>El timonel rojo y negro reconoce que el equipo est\u00e1 aprendiendo a jugar en la A, adem\u00e1s, en ruedas de prensa dice que el equipo que dirige es un equipo \u201cpobrecito\u201d, culpa a la prensa del desespero que en alg\u00fan momento pueden sentir los hinchas y lo peor escoge periodistas para brindar declaraciones.<\/p>\n<p><strong>Ricardo Guti\u00e9rrez<br \/>\n<\/strong>Tw: @Richardeporte<\/p>\n","protected":false},"excerpt":{"rendered":"<p>Desde la llegada de Jos\u00e9 Alberto Su\u00e1rez a\u00a0C\u00facuta nos empezamos a dar cuenta y confirmar los rumores que llegaban desde\u00a0de Bucaramanga de Jos\u00e9 Augusto Cadena, de la primera \u201cca\u00edda\u201d nos dimos cuenta el mismo d\u00eda de la presentaci\u00f3n de Su\u00e1rez, y se da porque cuando se estaba realizando el proceso para contratar el nuevo t\u00e9cnico, [&hellip;]<\/p>\n","protected":false},"author":1,"featured_media":1658,"comment_status":"closed","ping_status":"open","sticky":false,"template":"","format":"standard","meta":{"footnotes":""},"categories":[4,88],"tags":[],"class_list":["post-1653","post","type-post","status-publish","format-standard","has-post-thumbnail","hentry","category-eventos","category-opinion"],"_links":{"self":[{"href":"https:\/\/soyrojinegro.com\/web\/wp-json\/wp\/v2\/posts\/1653","targetHints":{"allow":["GET"]}}],"collection":[{"href":"https:\/\/soyrojinegro.com\/web\/wp-json\/wp\/v2\/posts"}],"about":[{"href":"https:\/\/soyrojinegro.com\/web\/wp-json\/wp\/v2\/types\/post"}],"author":[{"embeddable":true,"href":"https:\/\/soyrojinegro.com\/web\/wp-json\/wp\/v2\/users\/1"}],"replies":[{"embeddable":true,"href":"https:\/\/soyrojinegro.com\/web\/wp-json\/wp\/v2\/comments?post=1653"}],"version-history":[{"count":0,"href":"https:\/\/soyrojinegro.com\/web\/wp-json\/wp\/v2\/posts\/1653\/revisions"}],"wp:featuredmedia":[{"embeddable":true,"href":"https:\/\/soyrojinegro.com\/web\/wp-json\/"}],"wp:attachment":[{"href":"https:\/\/soyrojinegro.com\/web\/wp-json\/wp\/v2\/media?parent=1653"}],"wp:term":[{"taxonomy":"category","embeddable":true,"href":"https:\/\/soyrojinegro.com\/web\/wp-json\/wp\/v2\/categories?post=1653"},{"taxonomy":"post_tag","embeddable":true,"href":"https:\/\/soyrojinegro.com\/web\/wp-json\/wp\/v2\/tags?post=1653"}],"curies":[{"name":"wp","href":"https:\/\/api.w.org\/{rel}","templated":true}]}}