{"id":1831,"date":"2015-03-20T09:31:41","date_gmt":"2015-03-20T14:31:41","guid":{"rendered":"http:\/\/soyrojinegro.com\/web\/?p=1831"},"modified":"2015-03-20T09:31:41","modified_gmt":"2015-03-20T14:31:41","slug":"el-general-santander-recibio-a-las-chicas-super-poderosas","status":"publish","type":"post","link":"https:\/\/soyrojinegro.com\/web\/el-general-santander-recibio-a-las-chicas-super-poderosas\/","title":{"rendered":"El General Santander recibi\u00f3 a las chicas s\u00faper poderosas"},"content":{"rendered":"<p>&nbsp;<\/p>\n<p><a href=\"http:\/\/soyrojinegro.com\/web\/wp-content\/uploads\/2015\/03\/F1vsVEN-PHP.jpg\"><img fetchpriority=\"high\" decoding=\"async\" class=\"aligncenter size-full wp-image-1832\" src=\"http:\/\/soyrojinegro.com\/web\/wp-content\/uploads\/2015\/03\/F1vsVEN-PHP.jpg\" alt=\"F1vsVEN-PHP\" width=\"890\" height=\"500\" \/><\/a><\/p>\n<p>Foto Tomada de http:\/\/fcf.com.co<\/p>\n<p>Las exponentes del f\u00fatbol nacional dirigidas por el profesor Fabi\u00e1n Felipe Taborda estuvieron de paso por tierras motilonas, calmando la sed de buen f\u00fatbol que desde hace un tiempo no se ve en el Coloso de Lleras. El territorio fronterizo acogi\u00f3 los partidos preparatorios frente a Venezuela de cara al mundial de f\u00fatbol femenino organizado por Canad\u00e1, que se llevar\u00e1 a cabo del 6 de junio al 5 de julio.<\/p>\n<p>La fricci\u00f3n, el contraataque y muchas opciones de riesgo hicieron parte de la victoria 3-0 en el primer encuentro disputado el d\u00eda martes 17 de marzo ante la selecci\u00f3n vinotinto, un juego muy animado gracias al calor propio del pueblo nortesantandereano con una asistencia de al menos 500 personas al estadio. La euforia del p\u00fablico con cada jugada de las mundialistas, llenaron las gargantas de emoci\u00f3n con \u201coles\u201d y gritos de gol.<\/p>\n<p>El segundo cotejo amistoso de Colombia jugado el jueves desde las 5:00 pm fue el aperitivo perfecto para el cl\u00e1sico del Gran Santander por la Copa \u00c1guila. Lastimosamente tuvo menos participaci\u00f3n de la gente, pero esto no impidi\u00f3 que deslumbrara con un triunfo 3-1 frente a las venezolanas.<\/p>\n<p>La capital de Norte de Santander deja las puertas abiertas a nuestras representantes del f\u00fatbol cafetero.<\/p>\n<p><strong>Colombia:<\/strong> Paula Forero; Carolina Arias, Gavy Santos, Corina Clavijo, Natalia Gait\u00e1n; Daniela Montoya, Catalina Usme, Ori\u00e1nica Vel\u00e1squez, Yoreli Rinc\u00f3n; Ingrid Vidal, Lady Andrade.<br \/>\nDT. Fabi\u00e1n Felipe Taborda<\/p>\n<p>&nbsp;<\/p>\n<p><em>Escrito por:<\/em><strong><em> Ferley Ospina<\/em><\/strong><\/p>\n","protected":false},"excerpt":{"rendered":"<p>&nbsp; Foto Tomada de http:\/\/fcf.com.co Las exponentes del f\u00fatbol nacional dirigidas por el profesor Fabi\u00e1n Felipe Taborda estuvieron de paso por tierras motilonas, calmando la sed de buen f\u00fatbol que desde hace un tiempo no se ve en el Coloso de Lleras. El territorio fronterizo acogi\u00f3 los partidos preparatorios frente a Venezuela de cara al [&hellip;]<\/p>\n","protected":false},"author":1,"featured_media":1832,"comment_status":"closed","ping_status":"open","sticky":false,"template":"","format":"standard","meta":{"footnotes":""},"categories":[4],"tags":[],"class_list":["post-1831","post","type-post","status-publish","format-standard","has-post-thumbnail","hentry","category-eventos"],"_links":{"self":[{"href":"https:\/\/soyrojinegro.com\/web\/wp-json\/wp\/v2\/posts\/1831","targetHints":{"allow":["GET"]}}],"collection":[{"href":"https:\/\/soyrojinegro.com\/web\/wp-json\/wp\/v2\/posts"}],"about":[{"href":"https:\/\/soyrojinegro.com\/web\/wp-json\/wp\/v2\/types\/post"}],"author":[{"embeddable":true,"href":"https:\/\/soyrojinegro.com\/web\/wp-json\/wp\/v2\/users\/1"}],"replies":[{"embeddable":true,"href":"https:\/\/soyrojinegro.com\/web\/wp-json\/wp\/v2\/comments?post=1831"}],"version-history":[{"count":0,"href":"https:\/\/soyrojinegro.com\/web\/wp-json\/wp\/v2\/posts\/1831\/revisions"}],"wp:featuredmedia":[{"embeddable":true,"href":"https:\/\/soyrojinegro.com\/web\/wp-json\/"}],"wp:attachment":[{"href":"https:\/\/soyrojinegro.com\/web\/wp-json\/wp\/v2\/media?parent=1831"}],"wp:term":[{"taxonomy":"category","embeddable":true,"href":"https:\/\/soyrojinegro.com\/web\/wp-json\/wp\/v2\/categories?post=1831"},{"taxonomy":"post_tag","embeddable":true,"href":"https:\/\/soyrojinegro.com\/web\/wp-json\/wp\/v2\/tags?post=1831"}],"curies":[{"name":"wp","href":"https:\/\/api.w.org\/{rel}","templated":true}]}}