{"id":1873,"date":"2015-04-05T11:53:44","date_gmt":"2015-04-05T16:53:44","guid":{"rendered":"http:\/\/soyrojinegro.com\/web\/?p=1873"},"modified":"2015-04-05T11:53:44","modified_gmt":"2015-04-05T16:53:44","slug":"motilon-de-oro-jossimar-calvo","status":"publish","type":"post","link":"https:\/\/soyrojinegro.com\/web\/motilon-de-oro-jossimar-calvo\/","title":{"rendered":"Motil\u00f3n de Oro Jossimar Calvo"},"content":{"rendered":"<p><img fetchpriority=\"high\" decoding=\"async\" class=\"aligncenter wp-image-1877 size-full\" src=\"http:\/\/soyrojinegro.com\/web\/wp-content\/uploads\/2015\/04\/image-1.png\" alt=\"image (1)\" width=\"782\" height=\"442\" \/><\/p>\n<p>Es el n\u00famero 1 del MUNDO en BARRAS PARALELAS, El deportista colombiano gan\u00f3 por encima de Axel Augis y del bielorruso Vasili Mikhalitsyn.<\/p>\n<p>Tomado del espectador<\/p>\n<p><strong>Jossimar Calvo Moreno<\/strong> cerr\u00f3 con broche de oro su gira junto al equipo de <strong>gimnasia art\u00edstica<\/strong> en copas del mundo, tras conseguir la medalla dorada en la final de barras paralelas y que ahora lo tienen como n\u00famero uno del mundo en ese aparato.<\/p>\n<p>El deportista colombiano dej\u00f3 con la medalla de plata a <strong>Axel Augis<\/strong>, quien registr\u00f3 un puntaje de 15,075. El bronce fue para el bielorruso <strong>Vasili Mikhalitsyn<\/strong> con 14,850.<\/p>\n<p>Otro criollo en competencia fue<strong> Jorge Hugo Giraldo<\/strong>, quien ocup\u00f3 el quinto puesto con 14,125 unidades, lo que deja un buen balance para el experimentado gimnasta antioque\u00f1o quien tambi\u00e9n desempe\u00f1o un excelente papel en esta gira de copas del mundo que iniciaron en <strong>Cottbus Alemania, Doha Catar<\/strong> y cerraron en <strong>Ljubljana Eslovenia.<\/strong><\/p>\n<p>Este oro se une a las dos platas de Jossimar Calvo, quien al frente del escalaf\u00f3n mundial, sigue su preparaci\u00f3n para los<strong> Juegos Panamericanos.<\/strong><\/p>\n<p><img decoding=\"async\" class=\"aligncenter size-full wp-image-1878\" src=\"http:\/\/soyrojinegro.com\/web\/wp-content\/uploads\/2015\/04\/image-3.png\" alt=\"image (3)\" width=\"529\" height=\"319\" \/><\/p>\n","protected":false},"excerpt":{"rendered":"<p>Es el n\u00famero 1 del MUNDO en BARRAS PARALELAS, El deportista colombiano gan\u00f3 por encima de Axel Augis y del bielorruso Vasili Mikhalitsyn. Tomado del espectador Jossimar Calvo Moreno cerr\u00f3 con broche de oro su gira junto al equipo de gimnasia art\u00edstica en copas del mundo, tras conseguir la medalla dorada en la final de [&hellip;]<\/p>\n","protected":false},"author":1,"featured_media":1878,"comment_status":"closed","ping_status":"open","sticky":false,"template":"","format":"standard","meta":{"footnotes":""},"categories":[4,7],"tags":[],"class_list":["post-1873","post","type-post","status-publish","format-standard","has-post-thumbnail","hentry","category-eventos","category-deportes"],"_links":{"self":[{"href":"https:\/\/soyrojinegro.com\/web\/wp-json\/wp\/v2\/posts\/1873","targetHints":{"allow":["GET"]}}],"collection":[{"href":"https:\/\/soyrojinegro.com\/web\/wp-json\/wp\/v2\/posts"}],"about":[{"href":"https:\/\/soyrojinegro.com\/web\/wp-json\/wp\/v2\/types\/post"}],"author":[{"embeddable":true,"href":"https:\/\/soyrojinegro.com\/web\/wp-json\/wp\/v2\/users\/1"}],"replies":[{"embeddable":true,"href":"https:\/\/soyrojinegro.com\/web\/wp-json\/wp\/v2\/comments?post=1873"}],"version-history":[{"count":0,"href":"https:\/\/soyrojinegro.com\/web\/wp-json\/wp\/v2\/posts\/1873\/revisions"}],"wp:featuredmedia":[{"embeddable":true,"href":"https:\/\/soyrojinegro.com\/web\/wp-json\/"}],"wp:attachment":[{"href":"https:\/\/soyrojinegro.com\/web\/wp-json\/wp\/v2\/media?parent=1873"}],"wp:term":[{"taxonomy":"category","embeddable":true,"href":"https:\/\/soyrojinegro.com\/web\/wp-json\/wp\/v2\/categories?post=1873"},{"taxonomy":"post_tag","embeddable":true,"href":"https:\/\/soyrojinegro.com\/web\/wp-json\/wp\/v2\/tags?post=1873"}],"curies":[{"name":"wp","href":"https:\/\/api.w.org\/{rel}","templated":true}]}}