{"id":1915,"date":"2015-04-29T09:25:07","date_gmt":"2015-04-29T14:25:07","guid":{"rendered":"http:\/\/soyrojinegro.com\/web\/?p=1915"},"modified":"2015-04-29T09:25:07","modified_gmt":"2015-04-29T14:25:07","slug":"apuntan-para-dar-en-el-blanco","status":"publish","type":"post","link":"https:\/\/soyrojinegro.com\/web\/apuntan-para-dar-en-el-blanco\/","title":{"rendered":"Apuntan sus flechas"},"content":{"rendered":"<p><img fetchpriority=\"high\" decoding=\"async\" class=\"aligncenter wp-image-1917 size-full\" src=\"http:\/\/soyrojinegro.com\/web\/wp-content\/uploads\/2015\/04\/foto1.jpg\" alt=\"???????????????????????????????\" width=\"467\" height=\"263\" \/><\/p>\n<p>Mar\u00eda Claudia Becerra y Karime Tarazona Buitrago, son las mejores representantes nortesantandereanas del\u00a0 tiro con arco,\u00a0 dirigidas por el entrenador Eduardo Gonz\u00e1lez.<\/p>\n<p>Karime lleva\u00a0tres a\u00f1os practicando con esfuerzo la arquer\u00eda compuesta.\u00a0Logr\u00f3 un puesto en la Selecci\u00f3n Colombia de esta categor\u00eda\u00a0 junto a la risaraldense Sara L\u00f3pez, las antioque\u00f1as Alejandra Usquiano y Maja Marcen, el pasado 19 de abril en Medell\u00edn;\u00a0 convirti\u00e9ndose en\u00a0 la primera nortesantandereana que integrar\u00e1 el Seleccionado Nacional de Arquer\u00eda Compuesta.<\/p>\n<p>La cucute\u00f1a de 21 a\u00f1os tiene como destinos:\u00a0 los campeonatos en Turqu\u00eda,\u00a0 el Mundial en Dinamarca en julio y a finales de agosto otra competenecia en Polonia. Tarazona no cuenta con el equipo ideal (en cuanto a elementos) y como en la mayor\u00eda de los casos del deporte,\u00a0 espera el apoyo de patrocinadores, ya que su inversi\u00f3n\u00a0 como seleccionada\u00a0 es alta para sus propios recursos.<\/p>\n<p>Por otro lado\u00a0 Mar\u00eda Claudia Becerra de 17 a\u00f1os, dio sus primeros pasos en Tiro con Arco en el colegio Gimnasio Campestre Comfaoriente, y\u00a0 hasta el momento ha logrado representar al departamento en varias ocasiones en campeonatos Juveniles Nacionales.<br \/>\nClaudia en sus dos a\u00f1os como arquera, obtuvo valiosos reconocimientos, como\u00a0 el sexto puesto entre 33 participantes de una competencia en Bogot\u00e1 en diciembre del 2013. Tambi\u00e9n logr\u00f3 la presea de Oro en el Torneo Nacional de Novatos el 3 de diciembre del 2014, y en el presente a\u00f1o particip\u00f3 en el Torneo Juvenil Nacional de Tiro con Arco en Medell\u00edn, ocupando el s\u00e9ptimo puesto y obteniendo un cupo para la preselecci\u00f3n de la categor\u00eda Juvenil Nacional de Tiro con Arco Compuesto.<\/p>\n<p>\u201cEs tanto el talento para tan poco apoyo\u201d dijo el profesor Eduardo Gonz\u00e1lez, dejando las puertas abiertas para todo aquel que quiera hacer parte del equipo y\u00a0representante\u00a0a Norte de Santander. La sede funiciona en el estadio General Santander.<br \/>\nQuienes est\u00e9n interesados (empresas o personas) en apoyar a esta nueva generaci\u00f3n de deportistas nortesantandereanos, se pueden comunicar al 301 530 9239.<\/p>\n<p>Por: Yeison Pic\u00f3n &#8211; @iyeisonp<\/p>\n","protected":false},"excerpt":{"rendered":"<p>Mar\u00eda Claudia Becerra y Karime Tarazona Buitrago, son las mejores representantes nortesantandereanas del\u00a0 tiro con arco,\u00a0 dirigidas por el entrenador Eduardo Gonz\u00e1lez. Karime lleva\u00a0tres a\u00f1os practicando con esfuerzo la arquer\u00eda compuesta.\u00a0Logr\u00f3 un puesto en la Selecci\u00f3n Colombia de esta categor\u00eda\u00a0 junto a la risaraldense Sara L\u00f3pez, las antioque\u00f1as Alejandra Usquiano y Maja Marcen, el pasado [&hellip;]<\/p>\n","protected":false},"author":1,"featured_media":1916,"comment_status":"closed","ping_status":"open","sticky":false,"template":"","format":"standard","meta":{"footnotes":""},"categories":[4],"tags":[],"class_list":["post-1915","post","type-post","status-publish","format-standard","has-post-thumbnail","hentry","category-eventos"],"_links":{"self":[{"href":"https:\/\/soyrojinegro.com\/web\/wp-json\/wp\/v2\/posts\/1915","targetHints":{"allow":["GET"]}}],"collection":[{"href":"https:\/\/soyrojinegro.com\/web\/wp-json\/wp\/v2\/posts"}],"about":[{"href":"https:\/\/soyrojinegro.com\/web\/wp-json\/wp\/v2\/types\/post"}],"author":[{"embeddable":true,"href":"https:\/\/soyrojinegro.com\/web\/wp-json\/wp\/v2\/users\/1"}],"replies":[{"embeddable":true,"href":"https:\/\/soyrojinegro.com\/web\/wp-json\/wp\/v2\/comments?post=1915"}],"version-history":[{"count":0,"href":"https:\/\/soyrojinegro.com\/web\/wp-json\/wp\/v2\/posts\/1915\/revisions"}],"wp:featuredmedia":[{"embeddable":true,"href":"https:\/\/soyrojinegro.com\/web\/wp-json\/"}],"wp:attachment":[{"href":"https:\/\/soyrojinegro.com\/web\/wp-json\/wp\/v2\/media?parent=1915"}],"wp:term":[{"taxonomy":"category","embeddable":true,"href":"https:\/\/soyrojinegro.com\/web\/wp-json\/wp\/v2\/categories?post=1915"},{"taxonomy":"post_tag","embeddable":true,"href":"https:\/\/soyrojinegro.com\/web\/wp-json\/wp\/v2\/tags?post=1915"}],"curies":[{"name":"wp","href":"https:\/\/api.w.org\/{rel}","templated":true}]}}