{"id":2022,"date":"2015-06-11T15:42:41","date_gmt":"2015-06-11T20:42:41","guid":{"rendered":"http:\/\/soyrojinegro.com\/web\/?p=2022"},"modified":"2015-06-11T15:42:41","modified_gmt":"2015-06-11T20:42:41","slug":"cucuta-deportivo-confirmo-tres-nuevos-jugadores","status":"publish","type":"post","link":"https:\/\/soyrojinegro.com\/web\/cucuta-deportivo-confirmo-tres-nuevos-jugadores\/","title":{"rendered":"C\u00facuta Deportivo confirm\u00f3 tres nuevos jugadores"},"content":{"rendered":"<p>El C\u00facuta Deportivo hizo oficial hoy la incorporaci\u00f3n de tres nuevos futbolistas, se trata del defensor paraguayo Germ\u00e1n Centuri\u00f3n y de los colombianos John Jairo Monta\u00f1o (lateral izquierdo) y de Jarlin Quintero (delantero), quienes ya trabajan con el equipo en Bogot\u00e1 y los cuales ya firmaron sus respectivos contratos.<\/p>\n<p>El hombre de m\u00e1s experiencia es Centuri\u00f3n, su \u00faltimo semestre lo jug\u00f3 en el Club The Strongest, de Bolivia, equipo donde actu\u00f3 en siete de los ocho partidos del conjunto boliviano en la Copa Libertadores. El paraguayo tiene 35 a\u00f1os y en la liga local jug\u00f3 14 compromisos. En Colombia ya milit\u00f3 en el Deportivo Pasto y en el Independiente Santa Fe, equipo con el cual sali\u00f3 campe\u00f3n en el 2012.<\/p>\n<p>&#8220;Hola soy Germ\u00e1n Centuri\u00f3n, nuevo refuerzo del C\u00facuta Deportivo, y espero contar con su apoyo en el estadio y vamos por esos cuadrangulares&#8221;, manifest\u00f3 el \u2018guaran\u00ed\u2019 en un video que fue divulgado por las redes sociales del equipo.<\/p>\n<p>El otro en oficializar su arribo al conjunto cucute\u00f1o es el lateral izquierdo John Jairo Monta\u00f1o, de 31 a\u00f1os, quien en el semestre anterior actu\u00f3 en el Deportivo Pasto.<\/p>\n<p>Monta\u00f1o se destaca por su despliegue por la banda, su fuerte remate tanto de media distancia como en los tiros libres. El jugador hab\u00eda presentado ex\u00e1menes m\u00e9dicos en el Atl\u00e9tico Bucaramanga los cuales no pas\u00f3 por un principio de artrosis en su rodilla derecha.<\/p>\n<p>Seg\u00fan el m\u00e9dico del equipo &#8216;leopardo&#8217;, John Jairo Acevedo, el futbolista no pas\u00f3 las pruebas porque el jugar en una cancha sint\u00e9tica le acelerar\u00eda su diagn\u00f3stico -como la del Alfonso L\u00f3pez-. Al mismo tiempo no ve ning\u00fan problema para que el cale\u00f1o act\u00fae en un equipo que cuente con una grama natural -como la del General Santander-.<\/p>\n<p>Por \u00faltimo, el equipo anunci\u00f3 la llegada de Jarlin Quintero, (21 a\u00f1os) delantero ex Am\u00e9rica de Cali, Vitoria (Brasil) y quien viene de jugar en el f\u00fatbol venezolano, exactamente del Aragua F. C., escuadra donde disput\u00f3 29 partidos y anot\u00f3 12 goles, su \u00faltimo compromiso fue el 13 de mayo de este a\u00f1o.<\/p>\n<p>Con estos tres jugadores, ya son cuatro las nuevas caras del equipo &#8216;motil\u00f3n&#8217; para el segundo semestre, despu\u00e9s del regreso del volante argentino Mart\u00edn Morel, quien actualmente se recupera de una lesi\u00f3n.<\/p>\n<p>Se espera que dentro de la semana se confirmen otros refuerzos con los cuales el C\u00facuta Deportivo aspira a ingresar a los cuadrangulares semifinales de la Liga \u00c1guila, y olvidarse as\u00ed del tema del descenso, donde hoy es \u00faltimo junto a Uniaut\u00f3noma con 84 puntos, seis unidades menos que el Cortulu\u00e1 (90).<\/p>\n<div id=\":78b.ma\" class=\"Mu SP\"><\/div>\n","protected":false},"excerpt":{"rendered":"<p>El C\u00facuta Deportivo hizo oficial hoy la incorporaci\u00f3n de tres nuevos futbolistas, se trata del defensor paraguayo Germ\u00e1n Centuri\u00f3n y de los colombianos John Jairo Monta\u00f1o (lateral izquierdo) y de Jarlin Quintero (delantero), quienes ya trabajan con el equipo en Bogot\u00e1 y los cuales ya firmaron sus respectivos contratos. El hombre de m\u00e1s experiencia es [&hellip;]<\/p>\n","protected":false},"author":1,"featured_media":2023,"comment_status":"closed","ping_status":"open","sticky":false,"template":"","format":"standard","meta":{"footnotes":""},"categories":[65],"tags":[124,10,23,125,75],"class_list":["post-2022","post","type-post","status-publish","format-standard","has-post-thumbnail","hentry","category-torneo","tag-colombian-soccer","tag-cucuta","tag-cucuta-deportivo-2","tag-futbol-colombiano","tag-liga-aguila-2"],"_links":{"self":[{"href":"https:\/\/soyrojinegro.com\/web\/wp-json\/wp\/v2\/posts\/2022","targetHints":{"allow":["GET"]}}],"collection":[{"href":"https:\/\/soyrojinegro.com\/web\/wp-json\/wp\/v2\/posts"}],"about":[{"href":"https:\/\/soyrojinegro.com\/web\/wp-json\/wp\/v2\/types\/post"}],"author":[{"embeddable":true,"href":"https:\/\/soyrojinegro.com\/web\/wp-json\/wp\/v2\/users\/1"}],"replies":[{"embeddable":true,"href":"https:\/\/soyrojinegro.com\/web\/wp-json\/wp\/v2\/comments?post=2022"}],"version-history":[{"count":0,"href":"https:\/\/soyrojinegro.com\/web\/wp-json\/wp\/v2\/posts\/2022\/revisions"}],"wp:featuredmedia":[{"embeddable":true,"href":"https:\/\/soyrojinegro.com\/web\/wp-json\/"}],"wp:attachment":[{"href":"https:\/\/soyrojinegro.com\/web\/wp-json\/wp\/v2\/media?parent=2022"}],"wp:term":[{"taxonomy":"category","embeddable":true,"href":"https:\/\/soyrojinegro.com\/web\/wp-json\/wp\/v2\/categories?post=2022"},{"taxonomy":"post_tag","embeddable":true,"href":"https:\/\/soyrojinegro.com\/web\/wp-json\/wp\/v2\/tags?post=2022"}],"curies":[{"name":"wp","href":"https:\/\/api.w.org\/{rel}","templated":true}]}}