{"id":2482,"date":"2016-01-30T10:41:53","date_gmt":"2016-01-30T15:41:53","guid":{"rendered":"http:\/\/soyrojinegro.com\/web\/?p=2482"},"modified":"2016-01-30T10:41:53","modified_gmt":"2016-01-30T15:41:53","slug":"llego-el-tano-gracian-al-cucuta-deportivo","status":"publish","type":"post","link":"https:\/\/soyrojinegro.com\/web\/llego-el-tano-gracian-al-cucuta-deportivo\/","title":{"rendered":"Lleg\u00f3 &#8220;el Tano&#8221; Graci\u00e1n al Cucuta Deportivo"},"content":{"rendered":"<p>Tomado de la Opini\u00f3n.<\/p>\n<p>Leandro Graci\u00e1n, es el nuevo volante de creaci\u00f3n del C\u00facuta Deportivo.\u00a0 El hombre de 33 a\u00f1os viene de jugar con el Santan\u00ed de Paraguay de la primera divisi\u00f3n.<\/p>\n<p>El jugador se incorporar\u00e1 este s\u00e1bado a la tribu rojinegra que se encuentra haciendo pretemporada desde hace 15 d\u00edas en M\u00e9rida,Venezuela.<\/p>\n<p>Graci\u00e1n jugar\u00e1 el torneo de la B con el once fronterizo que debutar\u00e1 el 13 de febrero frente al Real Santander.<\/p>\n<p>El gaucho viene con grandes expectativas de aportar su experienciay su buen f\u00fatbol para ayudar en el ascenso del equipo.<\/p>\n","protected":false},"excerpt":{"rendered":"<p>Tomado de la Opini\u00f3n. Leandro Graci\u00e1n, es el nuevo volante de creaci\u00f3n del C\u00facuta Deportivo.\u00a0 El hombre de 33 a\u00f1os viene de jugar con el Santan\u00ed de Paraguay de la primera divisi\u00f3n. El jugador se incorporar\u00e1 este s\u00e1bado a la tribu rojinegra que se encuentra haciendo pretemporada desde hace 15 d\u00edas en M\u00e9rida,Venezuela. Graci\u00e1n jugar\u00e1 [&hellip;]<\/p>\n","protected":false},"author":1,"featured_media":2483,"comment_status":"closed","ping_status":"open","sticky":false,"template":"","format":"standard","meta":{"footnotes":""},"categories":[3,65],"tags":[23,26,75],"class_list":["post-2482","post","type-post","status-publish","format-standard","has-post-thumbnail","hentry","category-noticias","category-torneo","tag-cucuta-deportivo-2","tag-cucuta-deportivo-0-atletico-bucaramanga-0","tag-liga-aguila-2"],"_links":{"self":[{"href":"https:\/\/soyrojinegro.com\/web\/wp-json\/wp\/v2\/posts\/2482","targetHints":{"allow":["GET"]}}],"collection":[{"href":"https:\/\/soyrojinegro.com\/web\/wp-json\/wp\/v2\/posts"}],"about":[{"href":"https:\/\/soyrojinegro.com\/web\/wp-json\/wp\/v2\/types\/post"}],"author":[{"embeddable":true,"href":"https:\/\/soyrojinegro.com\/web\/wp-json\/wp\/v2\/users\/1"}],"replies":[{"embeddable":true,"href":"https:\/\/soyrojinegro.com\/web\/wp-json\/wp\/v2\/comments?post=2482"}],"version-history":[{"count":0,"href":"https:\/\/soyrojinegro.com\/web\/wp-json\/wp\/v2\/posts\/2482\/revisions"}],"wp:featuredmedia":[{"embeddable":true,"href":"https:\/\/soyrojinegro.com\/web\/wp-json\/"}],"wp:attachment":[{"href":"https:\/\/soyrojinegro.com\/web\/wp-json\/wp\/v2\/media?parent=2482"}],"wp:term":[{"taxonomy":"category","embeddable":true,"href":"https:\/\/soyrojinegro.com\/web\/wp-json\/wp\/v2\/categories?post=2482"},{"taxonomy":"post_tag","embeddable":true,"href":"https:\/\/soyrojinegro.com\/web\/wp-json\/wp\/v2\/tags?post=2482"}],"curies":[{"name":"wp","href":"https:\/\/api.w.org\/{rel}","templated":true}]}}