{"id":2583,"date":"2016-02-29T17:44:42","date_gmt":"2016-02-29T22:44:42","guid":{"rendered":"http:\/\/soyrojinegro.com\/web\/?p=2583"},"modified":"2016-02-29T17:44:42","modified_gmt":"2016-02-29T22:44:42","slug":"dependemos-mucho-de-los-destellos-individuales-vargas","status":"publish","type":"post","link":"https:\/\/soyrojinegro.com\/web\/dependemos-mucho-de-los-destellos-individuales-vargas\/","title":{"rendered":"Dependemos mucho de los destellos individuales\u201d: Vargas"},"content":{"rendered":"<p style=\"text-align: justify;\">El arquero de C\u00facuta Deportivo reconoci\u00f3 el mal comienzo del C\u00facuta en el Torneo y reconoci\u00f3 que hay que mejorar.<\/p>\n<p style=\"text-align: justify;\">No ha sido un buen comienzo para C\u00facuta Deportivo en la B en este 2016. Un solo punto logrado de nueve unidades posibles es el triste balance de los primeros pasos que deja el ciclo de Miguel Augusto Prince. Por eso las alarmas se prendieron y Miguel Vargas, el mejor del equipo en la derrota en Villavicencio, habl\u00f3 al final del compromiso:<\/p>\n<p style=\"text-align: justify;\">\u201cNos cost\u00f3 mucho la cancha, no nos adaptamos. No tuvimos un buen primer tiempo, no nos encontramos por ning\u00fan lado. En el segundo tiempo tuvimos m\u00e1s el bal\u00f3n, pero no finaliz\u00e1bamos, no lleg\u00e1bamos bien al arco. Nos costaba hacer da\u00f1o. Ellos nos llegaron una vez en el segundo tiempo, con una pelota filtrada y nos \u2018cobran\u2019. Hay que hacer una radiograf\u00eda bien del partido para ver qu\u00e9 es lo que pasa\u201d, dijo el guardavallas.<\/p>\n<p style=\"text-align: justify;\">Vargas, quien ha recibido cuatro goles en el Torneo y que no hab\u00eda tenido buenas presentaciones en los dos juegos anteriores, continu\u00f3 reconociendo el mal momento del C\u00facuta:<\/p>\n<p style=\"text-align: justify;\">\u201cNos ha costado tener tantos jugadores nuevos, de la mitad hacia adelante nos cuesta armar jugadas de ataque, que en realidad hagamos da\u00f1o. Dependemos mucho de los destellos individuales. Hay que mejorar, seguir trabajando, necesitamos sacar adelante el equipo. Tenemos buenos elementos individuales, hay que tratar de potenciar eso\u201d.<\/p>\n<p style=\"text-align: justify;\">Vargas, como cada uno de los jugadores del club \u2018rojinegro\u2019, contin\u00faa siendo mirado con lupa por todos los hinchas del C\u00facuta. El mal presente ha generado cr\u00edticas y, como lo han dicho la mayor\u00eda de integrantes del plantel, la necesidad de victoria es determinante para los pr\u00f3ximos partidos.<\/p>\n<p>Redacci\u00f3n Soyrojinegro.com<\/p>\n","protected":false},"excerpt":{"rendered":"<p>El arquero de C\u00facuta Deportivo reconoci\u00f3 el mal comienzo del C\u00facuta en el Torneo y reconoci\u00f3 que hay que mejorar. No ha sido un buen comienzo para C\u00facuta Deportivo en la B en este 2016. Un solo punto logrado de nueve unidades posibles es el triste balance de los primeros pasos que deja el ciclo [&hellip;]<\/p>\n","protected":false},"author":1,"featured_media":2585,"comment_status":"closed","ping_status":"open","sticky":false,"template":"","format":"standard","meta":{"footnotes":""},"categories":[2,3,65],"tags":[23,180,127,160],"class_list":["post-2583","post","type-post","status-publish","format-standard","has-post-thumbnail","hentry","category-cucuta-deportivo","category-noticias","category-torneo","tag-cucuta-deportivo-2","tag-llaneros-f-c","tag-tercera-fecha","tag-torneo-aguila"],"_links":{"self":[{"href":"https:\/\/soyrojinegro.com\/web\/wp-json\/wp\/v2\/posts\/2583","targetHints":{"allow":["GET"]}}],"collection":[{"href":"https:\/\/soyrojinegro.com\/web\/wp-json\/wp\/v2\/posts"}],"about":[{"href":"https:\/\/soyrojinegro.com\/web\/wp-json\/wp\/v2\/types\/post"}],"author":[{"embeddable":true,"href":"https:\/\/soyrojinegro.com\/web\/wp-json\/wp\/v2\/users\/1"}],"replies":[{"embeddable":true,"href":"https:\/\/soyrojinegro.com\/web\/wp-json\/wp\/v2\/comments?post=2583"}],"version-history":[{"count":0,"href":"https:\/\/soyrojinegro.com\/web\/wp-json\/wp\/v2\/posts\/2583\/revisions"}],"wp:featuredmedia":[{"embeddable":true,"href":"https:\/\/soyrojinegro.com\/web\/wp-json\/"}],"wp:attachment":[{"href":"https:\/\/soyrojinegro.com\/web\/wp-json\/wp\/v2\/media?parent=2583"}],"wp:term":[{"taxonomy":"category","embeddable":true,"href":"https:\/\/soyrojinegro.com\/web\/wp-json\/wp\/v2\/categories?post=2583"},{"taxonomy":"post_tag","embeddable":true,"href":"https:\/\/soyrojinegro.com\/web\/wp-json\/wp\/v2\/tags?post=2583"}],"curies":[{"name":"wp","href":"https:\/\/api.w.org\/{rel}","templated":true}]}}