{"id":3344,"date":"2017-03-08T19:56:58","date_gmt":"2017-03-09T00:56:58","guid":{"rendered":"http:\/\/soyrojinegro.com\/web\/?p=3344"},"modified":"2017-03-08T19:56:58","modified_gmt":"2017-03-09T00:56:58","slug":"primer-triunfo-en-zipaquira-por-la-copa-aguila","status":"publish","type":"post","link":"https:\/\/soyrojinegro.com\/web\/primer-triunfo-en-zipaquira-por-la-copa-aguila\/","title":{"rendered":"Primer triunfo en Zipaquir\u00e1 por la Copa \u00c1guila"},"content":{"rendered":"<p>Foto Cortes\u00eda: @Equidadfutbol<\/p>\n<p>C\u00facuta Deportivo venci\u00f3 1&#215;0 a La Equidad en juego disputado este mi\u00e9rcoles en el Estadio H\u00e9ctor el &#8220;zipa&#8221; Gonz\u00e1lez. El ecuatoriano Daniel Porozo fue el anotador del gol que le dio la victoria al equipo que dirige Fernando Velasco. El partido fue el inicio de la Copa \u00c1guila en la que juegas los equipos de la Categor\u00eda A y B. C\u00facuta hace parte del grupo G al lado de Tigres, Patriotas, Bogot\u00e1 y Fortaleza.<\/p>\n<p>C\u00facuta Deportivo form\u00f3 con \u00c1lvaro Montero, Andr\u00e9s Corso, John Garc\u00eda, Freddy Arizala, Edward Monta\u00f1o, Eric Monta\u00f1o, Sergio Villareal, Luis Cuesta, Cristian \u00c1lvarez, Luis Miranda y Daniel Porozo.<\/p>\n<p>La Equidad con Leandro Gelpi, John Alex Cano, Camilo Mancilla, Joiaqu\u00edn Aguirre, Wilmer Boyac\u00e1, Alejandro Mahecha, Breyner de Alba, Jean Carlo Blanco, Yessi Mena, Neider Barona, Carmelo Valencia.<\/p>\n<p>\u00c1rbitro : Andr\u00e9s Medina<\/p>\n<p>Asistente uno: Yeison Ben\u00edtez<\/p>\n<p>Asistente dos: Javier Motta<\/p>\n<p>&nbsp;<\/p>\n","protected":false},"excerpt":{"rendered":"<p>Foto Cortes\u00eda: @Equidadfutbol C\u00facuta Deportivo venci\u00f3 1&#215;0 a La Equidad en juego disputado este mi\u00e9rcoles en el Estadio H\u00e9ctor el &#8220;zipa&#8221; Gonz\u00e1lez. El ecuatoriano Daniel Porozo fue el anotador del gol que le dio la victoria al equipo que dirige Fernando Velasco. El partido fue el inicio de la Copa \u00c1guila en la que juegas [&hellip;]<\/p>\n","protected":false},"author":1,"featured_media":3345,"comment_status":"closed","ping_status":"open","sticky":false,"template":"","format":"standard","meta":{"footnotes":""},"categories":[9,2,3,65,6],"tags":[91,23],"class_list":["post-3344","post","type-post","status-publish","format-standard","has-post-thumbnail","hentry","category-copa-aguila","category-cucuta-deportivo","category-noticias","category-torneo","category-torneo-aguila","tag-copa-aguila-2","tag-cucuta-deportivo-2"],"_links":{"self":[{"href":"https:\/\/soyrojinegro.com\/web\/wp-json\/wp\/v2\/posts\/3344","targetHints":{"allow":["GET"]}}],"collection":[{"href":"https:\/\/soyrojinegro.com\/web\/wp-json\/wp\/v2\/posts"}],"about":[{"href":"https:\/\/soyrojinegro.com\/web\/wp-json\/wp\/v2\/types\/post"}],"author":[{"embeddable":true,"href":"https:\/\/soyrojinegro.com\/web\/wp-json\/wp\/v2\/users\/1"}],"replies":[{"embeddable":true,"href":"https:\/\/soyrojinegro.com\/web\/wp-json\/wp\/v2\/comments?post=3344"}],"version-history":[{"count":0,"href":"https:\/\/soyrojinegro.com\/web\/wp-json\/wp\/v2\/posts\/3344\/revisions"}],"wp:featuredmedia":[{"embeddable":true,"href":"https:\/\/soyrojinegro.com\/web\/wp-json\/"}],"wp:attachment":[{"href":"https:\/\/soyrojinegro.com\/web\/wp-json\/wp\/v2\/media?parent=3344"}],"wp:term":[{"taxonomy":"category","embeddable":true,"href":"https:\/\/soyrojinegro.com\/web\/wp-json\/wp\/v2\/categories?post=3344"},{"taxonomy":"post_tag","embeddable":true,"href":"https:\/\/soyrojinegro.com\/web\/wp-json\/wp\/v2\/tags?post=3344"}],"curies":[{"name":"wp","href":"https:\/\/api.w.org\/{rel}","templated":true}]}}