{"id":3730,"date":"2017-07-21T19:28:57","date_gmt":"2017-07-22T00:28:57","guid":{"rendered":"http:\/\/soyrojinegro.com\/web\/?p=3730"},"modified":"2017-07-21T19:28:57","modified_gmt":"2017-07-22T00:28:57","slug":"echeverri-festejo-su-cumpleanos-con-dos-goles-atletico-1-cucuta-3","status":"publish","type":"post","link":"https:\/\/soyrojinegro.com\/web\/echeverri-festejo-su-cumpleanos-con-dos-goles-atletico-1-cucuta-3\/","title":{"rendered":"Echeverri festej\u00f3 su cumplea\u00f1os con dos goles: Atl\u00e9tico 1 \u2013 C\u00facuta 3"},"content":{"rendered":"<p>Echeverri festej\u00f3 su cumplea\u00f1os con dos goles: Atl\u00e9tico 1 \u2013 C\u00facuta 3. Foto Cortes\u00eda: SportsCasters<\/p>\n<p>El delantero, que hoy cumpli\u00f3 28 a\u00f1os, fue la figura del equipo \u2018rojinegro\u2019, que lleg\u00f3 a nueve puntos y ya suma 44 unidades en la Reclasificaci\u00f3n.<\/p>\n<p>C\u00facuta Deportivo hizo la tarea en Cali. Sum\u00f3 tres puntos clave y dej\u00f3 claro que contin\u00faa firme en el Torneo II del ascenso. Los dirigidos por Flavio Robatto realizaron un buen primer tiempo, marc\u00f3 dos goles en ese lapso y en el segundo tiempo sufri\u00f3 m\u00e1s de lo esperado.<\/p>\n<p>El primer gol del partido lleg\u00f3 r\u00e1pido. Apenas en el segundo minuto fue Jhon Miranda, quien abri\u00f3 el marcador. C\u00facuta hab\u00eda salido decidido a buscar el arco rival. Y despu\u00e9s, al minuto 18, Diego Echeverri, que hoy 21 de julio cumpli\u00f3 28 a\u00f1os de edad, aument\u00f3 el marcador a un 2-0 que parec\u00eda lapidario.<\/p>\n<p>Pero en la segunda etapa el juego cambi\u00f3. Atl\u00e9tico atac\u00f3, fue a buscar el arco del arquero Mauricio Mafla y puso en aprietos a C\u00facuta. Primero descont\u00f3 por intermedio de Luis Ferrer bien r\u00e1pido y desde entonces gener\u00f3 jugadas de ataque que lo tuvieron muy cerca de igualar el compromiso. En una llegada, Jhon Garc\u00eda sac\u00f3 la pelota de la l\u00ednea tras un buen avance de Jean Renter\u00eda.<\/p>\n<p>Y ya en tiempo de reposici\u00f3n, tras un contragolpe, el brasile\u00f1o Bruno Agnello fue derribado en el \u00e1rea y la jueza Liz Mair decret\u00f3 el tiro penalti para C\u00facuta. Al frente de la pelota se par\u00f3 Diego Echeverri y firm\u00f3 el 1-3 final con un remate certero.<\/p>\n<p>C\u00facuta lleg\u00f3 a nueve unidades en el Torneo II y empat\u00f3 en el primer lugar a Leones y a Barranquilla, que enfrentar\u00e1n a Uni\u00f3n Magdalena y a Valledupar, respectivamente, en esta jornada. Adem\u00e1s, en la tabla de la Reclasificaci\u00f3n C\u00facuta lleg\u00f3 a 44 unidades y se mantiene en el primer lugar.<br \/>\nFicha t\u00e9cnica<\/p>\n<p>Estadio: Pascual Guerrero<br \/>\n\u00c1rbitro: Liz Mair Su\u00e1rez<br \/>\nAsistentes: Jair Pozos Gonz\u00e1lez y Freddy Velasco Bola\u00f1os<\/p>\n<p>Atl\u00e9tico FC: Atl\u00e9tico FC: Johan Wallens; V\u00edctor Asprilla, Maikel Jabick Reyes, Julio Murillo, Yan Carlo Posso; Alberto Pardo, Juan Diego Cardona, Luis Ferrer, Diego Basto; Dairon Valencia, Andr\u00e9s Carabal\u00ed. Director t\u00e9cnico: Luis Eduardo G\u00f3mez.<br \/>\nCambios: Jean Renter\u00eda por Diego Basto (46\u00b4), Edward Benavides por Andr\u00e9s Carabal\u00ed (58\u00b4) y Miguel Granobles por Juan Diego Cardona (82\u00b4)<br \/>\nGoles: Luis Ferrer (47\u00b4).<\/p>\n<p>C\u00facuta Deportivo: Mauricio Mafla; James Castro, Jhon Garc\u00eda, Braynner Garc\u00eda, Jhonny Riascos; Yhonny Ram\u00edrez, Cristian \u00c1lvarez, Yair Arboleda; Jhon Miranda; Erwin Carrillo, Diego Echeverri. Director t\u00e9cnico: Flavio Robatto.<\/p>\n<p>Cambios: Erick Monta\u00f1o por Arboleda (22\u2019 ST), Bruno Agnelo por \u00c1lvarez (26\u2019 ST)<br \/>\nAmonestados: Monta\u00f1o<br \/>\nGoles: \u00c1lvarez (2\u2019 PT), Echeverri (18\u2019 PT)<\/p>\n<p>Soyrojinegro.com<\/p>\n","protected":false},"excerpt":{"rendered":"<p>Echeverri festej\u00f3 su cumplea\u00f1os con dos goles: Atl\u00e9tico 1 \u2013 C\u00facuta 3. Foto Cortes\u00eda: SportsCasters El delantero, que hoy cumpli\u00f3 28 a\u00f1os, fue la figura del equipo \u2018rojinegro\u2019, que lleg\u00f3 a nueve puntos y ya suma 44 unidades en la Reclasificaci\u00f3n. C\u00facuta Deportivo hizo la tarea en Cali. Sum\u00f3 tres puntos clave y dej\u00f3 claro [&hellip;]<\/p>\n","protected":false},"author":1,"featured_media":3732,"comment_status":"closed","ping_status":"open","sticky":false,"template":"","format":"standard","meta":{"footnotes":""},"categories":[2,3,6,65],"tags":[262,18,23,335],"class_list":["post-3730","post","type-post","status-publish","format-standard","has-post-thumbnail","hentry","category-cucuta-deportivo","category-noticias","category-torneo-aguila","category-torneo","tag-atletico","tag-cuarta-fecha","tag-cucuta-deportivo-2","tag-torneo-aguila-ii"],"_links":{"self":[{"href":"https:\/\/soyrojinegro.com\/web\/wp-json\/wp\/v2\/posts\/3730","targetHints":{"allow":["GET"]}}],"collection":[{"href":"https:\/\/soyrojinegro.com\/web\/wp-json\/wp\/v2\/posts"}],"about":[{"href":"https:\/\/soyrojinegro.com\/web\/wp-json\/wp\/v2\/types\/post"}],"author":[{"embeddable":true,"href":"https:\/\/soyrojinegro.com\/web\/wp-json\/wp\/v2\/users\/1"}],"replies":[{"embeddable":true,"href":"https:\/\/soyrojinegro.com\/web\/wp-json\/wp\/v2\/comments?post=3730"}],"version-history":[{"count":0,"href":"https:\/\/soyrojinegro.com\/web\/wp-json\/wp\/v2\/posts\/3730\/revisions"}],"wp:featuredmedia":[{"embeddable":true,"href":"https:\/\/soyrojinegro.com\/web\/wp-json\/"}],"wp:attachment":[{"href":"https:\/\/soyrojinegro.com\/web\/wp-json\/wp\/v2\/media?parent=3730"}],"wp:term":[{"taxonomy":"category","embeddable":true,"href":"https:\/\/soyrojinegro.com\/web\/wp-json\/wp\/v2\/categories?post=3730"},{"taxonomy":"post_tag","embeddable":true,"href":"https:\/\/soyrojinegro.com\/web\/wp-json\/wp\/v2\/tags?post=3730"}],"curies":[{"name":"wp","href":"https:\/\/api.w.org\/{rel}","templated":true}]}}