{"id":3738,"date":"2017-07-24T12:28:52","date_gmt":"2017-07-24T17:28:52","guid":{"rendered":"http:\/\/soyrojinegro.com\/web\/?p=3738"},"modified":"2017-07-24T12:28:52","modified_gmt":"2017-07-24T17:28:52","slug":"rigoberto-uran-y-un-subtitulo-de-ensueno-en-el-tour-de-francia-2","status":"publish","type":"post","link":"https:\/\/soyrojinegro.com\/web\/rigoberto-uran-y-un-subtitulo-de-ensueno-en-el-tour-de-francia-2\/","title":{"rendered":"Siete guerreros que llenaron de orgullo a Colombia"},"content":{"rendered":"<p>Siete guerreros que llenaron de orgullo a Colombia . Foto cortes\u00eda: Le Tour<\/p>\n<p>La imagen, de izquierda a derecha, muestra a J\u00e1rlinson Pantano, Sergio Henao, Darwin Atapuma, Rigoberto Henao, Carlos Betancurt, Esteban Chaves y Nairo Quintana.<\/p>\n<p>Ellos dejaron, durante tres semanas, el alma en las carreteras de Alemania, B\u00e9lgica, Luxemburgo y Francia, pa\u00edses por donde pas\u00f3 la edici\u00f3n 104 del Tour de Francia. Y con sus actuaciones nos hicieron vibrar de emoci\u00f3n luego de cada pedalazo que dieron en su bicicleta.<\/p>\n<p>Rigoberto Ur\u00e1n, quien gan\u00f3 la etapa 9 entre Nantua y Chamb\u00e9ry, nos puso a vibrar con la obtenci\u00f3n del segundo lugar. El antioque\u00f1o finaliz\u00f3 a 54 segundos del campe\u00f3n Chris Froome.<\/p>\n<p>Nairo Quintana, quien corr\u00eda por cuarta vez el Tour, finaliz\u00f3 duod\u00e9cimo. El corredor boyacense no pudo repetir podio, como ya hab\u00eda sucedido en 2013, 2014 y 2016. Nairo termin\u00f3 a 15minutos y 20 segundos del l\u00edder de Sky.<\/p>\n<p>Despu\u00e9s, en la casilla 18 finaliz\u00f3 Carlos \u2018Bananito\u2019 Betancurt. Qued\u00f3 a 37min. Y 47segundos del campe\u00f3n. Sergio Henao, uno de los grandes coequiperos de Froome, termin\u00f3 en el puesto 28 a una hora, 16 minutos y 32 segundos de su compa\u00f1ero brit\u00e1nico.<\/p>\n<p>Darwin Atapuma, quien finaliz\u00f3 segundo en la etapa entre Brian\u00e7on &#8211; Izoard (179,5 km), jornada 18, hizo un buen Tour, ese d\u00eda fue premiado con la camiseta de la combatividad. El \u2018Puma\u2019 finaliz\u00f3 en la casilla 41 a una hora, 50 minutos y 31 segundos.<\/p>\n<p>J\u00e1rlinson Pantano, compa\u00f1ero en el Trek-Segafredo, de Alberto Contador, termin\u00f3 en el puesto 46 de Froome a dos horas, un minuto y 30 segundos. Esteban Chaves, quien corr\u00eda en su primer Tour, finaliz\u00f3 en la casilla 62 a dos horas, 27 minutos y 34 segundos del multicampe\u00f3n Froome.<\/p>\n<p>Siete ciclistas que unieron un pa\u00eds en torno a la bicicleta, siete ciclistas admirados por todo el pa\u00eds por su esfuerzo, car\u00e1cter y deseo de superaci\u00f3n. Una imagen que represent\u00f3 a Colombia.<\/p>\n<p>Soyrojinegro.com<\/p>\n","protected":false},"excerpt":{"rendered":"<p>Siete guerreros que llenaron de orgullo a Colombia . Foto cortes\u00eda: Le Tour La imagen, de izquierda a derecha, muestra a J\u00e1rlinson Pantano, Sergio Henao, Darwin Atapuma, Rigoberto Henao, Carlos Betancurt, Esteban Chaves y Nairo Quintana. Ellos dejaron, durante tres semanas, el alma en las carreteras de Alemania, B\u00e9lgica, Luxemburgo y Francia, pa\u00edses por donde [&hellip;]<\/p>\n","protected":false},"author":1,"featured_media":3739,"comment_status":"closed","ping_status":"open","sticky":false,"template":"","format":"standard","meta":{"footnotes":""},"categories":[4,7,3],"tags":[239,353,258,354],"class_list":["post-3738","post","type-post","status-publish","format-standard","has-post-thumbnail","hentry","category-eventos","category-deportes","category-noticias","tag-239","tag-ciclistas","tag-colombia","tag-tour-de-franica"],"_links":{"self":[{"href":"https:\/\/soyrojinegro.com\/web\/wp-json\/wp\/v2\/posts\/3738","targetHints":{"allow":["GET"]}}],"collection":[{"href":"https:\/\/soyrojinegro.com\/web\/wp-json\/wp\/v2\/posts"}],"about":[{"href":"https:\/\/soyrojinegro.com\/web\/wp-json\/wp\/v2\/types\/post"}],"author":[{"embeddable":true,"href":"https:\/\/soyrojinegro.com\/web\/wp-json\/wp\/v2\/users\/1"}],"replies":[{"embeddable":true,"href":"https:\/\/soyrojinegro.com\/web\/wp-json\/wp\/v2\/comments?post=3738"}],"version-history":[{"count":0,"href":"https:\/\/soyrojinegro.com\/web\/wp-json\/wp\/v2\/posts\/3738\/revisions"}],"wp:featuredmedia":[{"embeddable":true,"href":"https:\/\/soyrojinegro.com\/web\/wp-json\/"}],"wp:attachment":[{"href":"https:\/\/soyrojinegro.com\/web\/wp-json\/wp\/v2\/media?parent=3738"}],"wp:term":[{"taxonomy":"category","embeddable":true,"href":"https:\/\/soyrojinegro.com\/web\/wp-json\/wp\/v2\/categories?post=3738"},{"taxonomy":"post_tag","embeddable":true,"href":"https:\/\/soyrojinegro.com\/web\/wp-json\/wp\/v2\/tags?post=3738"}],"curies":[{"name":"wp","href":"https:\/\/api.w.org\/{rel}","templated":true}]}}