{"id":3813,"date":"2017-08-14T11:16:33","date_gmt":"2017-08-14T16:16:33","guid":{"rendered":"http:\/\/soyrojinegro.com\/web\/?p=3813"},"modified":"2017-08-14T11:16:33","modified_gmt":"2017-08-14T16:16:33","slug":"cucuta-deportivo-alista-la-despedida-de-zipaquira","status":"publish","type":"post","link":"https:\/\/soyrojinegro.com\/web\/cucuta-deportivo-alista-la-despedida-de-zipaquira\/","title":{"rendered":"C\u00facuta Deportivo alista la despedida de Zipaquir\u00e1"},"content":{"rendered":"<p>C\u00facuta se despide el domingo 20 de agosto de Zipaquir\u00e1. Foto archivo<\/p>\n<p>Ese d\u00eda, a las 3:15 p.m., el equipo \u2018rojinegro\u2019 ser\u00e1 local vs. Fortaleza.<\/p>\n<p>La despedida de Zipaquir\u00e1 ya tiene fecha y hora. El domingo 20 de agosto, a las 3 y 15 de la tarde, C\u00facuta disputar\u00e1 el \u00faltimo encuentro como local en el estadio \u2018Los Zipas\u2019.<\/p>\n<p>Tras haberse confirmado el regreso a la capital de Norte de Santander, los dirigidos por Flavio Robatto enfrentar\u00e1n a Fortaleza en Zipaquir\u00e1 para luego, vs. Bogot\u00e1, ser locales en el estadio General Santander.<\/p>\n<p>La Dimayor public\u00f3 los horarios de la fecha 8 del Torneo \u00c1guila II, quedaron as\u00ed:<\/p>\n<p>19 de agosto, s\u00e1bado<br \/>\nValledupar F.C. vs. Barranquilla F.C.<br \/>\nHora: 03:30 p.m.<br \/>\nEstadio: Armando Maestre<\/p>\n<p>20 de agosto, domingo<br \/>\nU. de Popay\u00e1n vs. Llaneros F.C.<br \/>\nHora: 11:30 a.m.<br \/>\nEstadio: Ciro L\u00f3pez<\/p>\n<p>Bogot\u00e1 F.C. vs. Boyac\u00e1 Chic\u00f3<br \/>\nHora: 02:00 p.m.<br \/>\nEstadio: Metropolitano de Techo<\/p>\n<p><strong>C\u00facuta Deportivo vs. Fortaleza C.E.I.F.<\/strong><br \/>\n<strong>Hora: 03:15 p.m.<\/strong><br \/>\n<strong>Estadio: Los Zipas<\/strong><\/p>\n<p>Orsomarso S.C. vs. Atl\u00e9tico F.C.<br \/>\nHora: 04:00 p.m.<br \/>\nEstadio: Francisco Rivera Escobar<\/p>\n<p>Real Santander vs. Leones F.C.<br \/>\nHora: 06:00 p.m.<br \/>\nEstadio: \u00c1lvaro G\u00f3mez Hurtado<\/p>\n<p>21 de agosto, lunes<br \/>\nReal Cartagena vs. U. Magdalena<br \/>\nHora: 04:00 p.m.<br \/>\nEstadio: Jaime Mor\u00f3n<br \/>\nTelevisi\u00f3n: WIN Sports<\/p>\n<p>22 de agosto, martes<br \/>\nDeportivo Pereira vs. Dep. Quind\u00edo<br \/>\nHora: 07:45 p.m.<br \/>\nEstadio: Hern\u00e1n Ram\u00edrez Villegas<br \/>\nTelevisi\u00f3n: WIN Sports<\/p>\n","protected":false},"excerpt":{"rendered":"<p>C\u00facuta se despide el domingo 20 de agosto de Zipaquir\u00e1. Foto archivo Ese d\u00eda, a las 3:15 p.m., el equipo \u2018rojinegro\u2019 ser\u00e1 local vs. Fortaleza. La despedida de Zipaquir\u00e1 ya tiene fecha y hora. El domingo 20 de agosto, a las 3 y 15 de la tarde, C\u00facuta disputar\u00e1 el \u00faltimo encuentro como local en [&hellip;]<\/p>\n","protected":false},"author":1,"featured_media":3814,"comment_status":"closed","ping_status":"open","sticky":false,"template":"","format":"standard","meta":{"footnotes":""},"categories":[2,65,6],"tags":[23,374,337],"class_list":["post-3813","post","type-post","status-publish","format-standard","has-post-thumbnail","hentry","category-cucuta-deportivo","category-torneo","category-torneo-aguila","tag-cucuta-deportivo-2","tag-despedida-de-zipaquira","tag-torneo-aguila-2017-ii"],"_links":{"self":[{"href":"https:\/\/soyrojinegro.com\/web\/wp-json\/wp\/v2\/posts\/3813","targetHints":{"allow":["GET"]}}],"collection":[{"href":"https:\/\/soyrojinegro.com\/web\/wp-json\/wp\/v2\/posts"}],"about":[{"href":"https:\/\/soyrojinegro.com\/web\/wp-json\/wp\/v2\/types\/post"}],"author":[{"embeddable":true,"href":"https:\/\/soyrojinegro.com\/web\/wp-json\/wp\/v2\/users\/1"}],"replies":[{"embeddable":true,"href":"https:\/\/soyrojinegro.com\/web\/wp-json\/wp\/v2\/comments?post=3813"}],"version-history":[{"count":0,"href":"https:\/\/soyrojinegro.com\/web\/wp-json\/wp\/v2\/posts\/3813\/revisions"}],"wp:featuredmedia":[{"embeddable":true,"href":"https:\/\/soyrojinegro.com\/web\/wp-json\/"}],"wp:attachment":[{"href":"https:\/\/soyrojinegro.com\/web\/wp-json\/wp\/v2\/media?parent=3813"}],"wp:term":[{"taxonomy":"category","embeddable":true,"href":"https:\/\/soyrojinegro.com\/web\/wp-json\/wp\/v2\/categories?post=3813"},{"taxonomy":"post_tag","embeddable":true,"href":"https:\/\/soyrojinegro.com\/web\/wp-json\/wp\/v2\/tags?post=3813"}],"curies":[{"name":"wp","href":"https:\/\/api.w.org\/{rel}","templated":true}]}}