{"id":4014,"date":"2017-11-09T12:15:48","date_gmt":"2017-11-09T17:15:48","guid":{"rendered":"http:\/\/soyrojinegro.com\/web\/?p=4014"},"modified":"2017-11-09T12:15:48","modified_gmt":"2017-11-09T17:15:48","slug":"proyecto-de-mejoramiento-de-la-capacidad-hidraulica-en-la-cuenca-del-rio-pamplonita-sera-socializado-este-martes-14-de-noviembre","status":"publish","type":"post","link":"https:\/\/soyrojinegro.com\/web\/proyecto-de-mejoramiento-de-la-capacidad-hidraulica-en-la-cuenca-del-rio-pamplonita-sera-socializado-este-martes-14-de-noviembre\/","title":{"rendered":"PROYECTO DE MEJORAMIENTO DE LA CAPACIDAD HIDR\u00c1ULICA EN LA CUENCA DEL R\u00cdO PAMPLONITA, SER\u00c1 SOCIALIZADO ESTE MARTES 14 DE NOVIEMBRE"},"content":{"rendered":"<p>Con el fin de reducir el riesgo ante temporadas de lluvias que puedan afectar tanto el cauce como la ribera del r\u00edo Pamplonita y as\u00ed mismo, disminuir la posibilidad de afectaciones por inundaciones, represamientos y avalanchas en la cuenca, el Director General de CORPONOR, Gregorio Angarita Lamk en trabajo conjunto, con el Consejo Departamental para la Gesti\u00f3n del Riesgo de Desastres y la Universidad Francisco de Paula Santander, extiende la invitaci\u00f3n para que participen de la socializaci\u00f3n del proyecto mejoramiento de la capacidad hidr\u00e1ulica de la cuenca del r\u00edo Pamplonita.<br \/>\nEstas labores de conservaci\u00f3n y mantenimiento del cauce en el Pamplonita, se desarrollar\u00e1n desde 500 metros aguas abajo del puente sobre el anillo vial en inmediaciones con el barrio Garc\u00eda Herreros, hasta 500 metros aguas arriba del puente San Rafael de C\u00facuta.<br \/>\nMartes 14 de noviembre<br \/>\n4:00 pm.<br \/>\nLaboratorio empresariales (Sal\u00f3n 101 \u2013 102) Universidad Francisco de Paula Santander.<\/p>\n","protected":false},"excerpt":{"rendered":"<p>Con el fin de reducir el riesgo ante temporadas de lluvias que puedan afectar tanto el cauce como la ribera del r\u00edo Pamplonita y as\u00ed mismo, disminuir la posibilidad de afectaciones por inundaciones, represamientos y avalanchas en la cuenca, el Director General de CORPONOR, Gregorio Angarita Lamk en trabajo conjunto, con el Consejo Departamental para [&hellip;]<\/p>\n","protected":false},"author":1,"featured_media":4015,"comment_status":"closed","ping_status":"open","sticky":false,"template":"","format":"standard","meta":{"footnotes":""},"categories":[9,2,66,4,65,6],"tags":[],"class_list":["post-4014","post","type-post","status-publish","format-standard","has-post-thumbnail","hentry","category-copa-aguila","category-cucuta-deportivo","category-encuesta","category-eventos","category-torneo","category-torneo-aguila"],"_links":{"self":[{"href":"https:\/\/soyrojinegro.com\/web\/wp-json\/wp\/v2\/posts\/4014","targetHints":{"allow":["GET"]}}],"collection":[{"href":"https:\/\/soyrojinegro.com\/web\/wp-json\/wp\/v2\/posts"}],"about":[{"href":"https:\/\/soyrojinegro.com\/web\/wp-json\/wp\/v2\/types\/post"}],"author":[{"embeddable":true,"href":"https:\/\/soyrojinegro.com\/web\/wp-json\/wp\/v2\/users\/1"}],"replies":[{"embeddable":true,"href":"https:\/\/soyrojinegro.com\/web\/wp-json\/wp\/v2\/comments?post=4014"}],"version-history":[{"count":0,"href":"https:\/\/soyrojinegro.com\/web\/wp-json\/wp\/v2\/posts\/4014\/revisions"}],"wp:featuredmedia":[{"embeddable":true,"href":"https:\/\/soyrojinegro.com\/web\/wp-json\/"}],"wp:attachment":[{"href":"https:\/\/soyrojinegro.com\/web\/wp-json\/wp\/v2\/media?parent=4014"}],"wp:term":[{"taxonomy":"category","embeddable":true,"href":"https:\/\/soyrojinegro.com\/web\/wp-json\/wp\/v2\/categories?post=4014"},{"taxonomy":"post_tag","embeddable":true,"href":"https:\/\/soyrojinegro.com\/web\/wp-json\/wp\/v2\/tags?post=4014"}],"curies":[{"name":"wp","href":"https:\/\/api.w.org\/{rel}","templated":true}]}}