{"id":4440,"date":"2019-01-16T13:17:34","date_gmt":"2019-01-16T18:17:34","guid":{"rendered":"http:\/\/soyrojinegro.com\/web\/?p=4440"},"modified":"2019-01-16T13:17:34","modified_gmt":"2019-01-16T18:17:34","slug":"cucuta-deportivo-debutara-en-liga-i-el-sabado-26-de-enero-frente-a-rionegro","status":"publish","type":"post","link":"https:\/\/soyrojinegro.com\/web\/cucuta-deportivo-debutara-en-liga-i-el-sabado-26-de-enero-frente-a-rionegro\/","title":{"rendered":"C\u00facuta Deportivo debutar\u00e1 en Liga I el s\u00e1bado 26 de enero frente a Rionegro"},"content":{"rendered":"<p>El juego comenzar\u00e1 a las 6 de la tarde y ser\u00e1 transmitido por Win Sports. \u00a1A llenar el General Santander! En la segunda fecha, C\u00facuta visitar\u00e1 a Santa Fe el mi\u00e9rcoles 30 de enero, tambi\u00e9n a las 6:00 p.m.<\/p>\n<p>Dimayor dio a conocer los horarios de los partidos de las dos primeras jornadas de la Liga I-2019 del f\u00fatbol colombiano. El torneo, que comenzar\u00e1 el viernes 25 con el juego entre Patriotas e Independiente Medell\u00edn, tendr\u00e1 a nuestro equipo motil\u00f3n en su estadio frente a las \u00c1guilas de Rionegro, dirigido t\u00e9cnicamente por Jorge Luis Bernal, en lo que significar\u00e1 el primer compromiso. El debut en la Liga I.<\/p>\n<p>Adem\u00e1s, Dimayor anunci\u00f3 que en la segunda jornada C\u00facuta Deportivo actuar\u00e1 en El Camp\u00edn el mi\u00e9rcoles 30 de enero a las 6 de la tarde. Compromiso que tambi\u00e9n se ver\u00e1 por Win Sports.<\/p>\n<p>Tras conocerse el calendario, C\u00facuta actuar\u00e1 as\u00ed:<\/p>\n<p>Fecha 3: EnvigadoFC L<br \/>\n4: Once Caldas V<br \/>\n5: Atl\u00e9tico Bucaramanga L<br \/>\n6: Jaguares de C\u00f3rdoba V<br \/>\n7: Atl\u00e9tico Huila L<br \/>\n8: Equidad V<br \/>\n9: Uni\u00f3n Magdalena L<br \/>\n10: Atl\u00e9tico Bucaramanga V<br \/>\n11: Atl\u00e9tico Nacional L<br \/>\n12: Deportivo Cali V<br \/>\n13: Deportivo Pasto L<br \/>\n14: Millonarios V<br \/>\n15: Alianza Petrolera V<br \/>\n16: Independiente Medell\u00edn L<br \/>\n17: Patriotas Boyac\u00e1 V<br \/>\n18: Deportes Tolima L<br \/>\n19: Am\u00e9rica de Cali V<br \/>\n20: Junior de Barranquilla L<\/p>\n<p>Soyrojinegro.com<\/p>\n","protected":false},"excerpt":{"rendered":"<p>El juego comenzar\u00e1 a las 6 de la tarde y ser\u00e1 transmitido por Win Sports. \u00a1A llenar el General Santander! En la segunda fecha, C\u00facuta visitar\u00e1 a Santa Fe el mi\u00e9rcoles 30 de enero, tambi\u00e9n a las 6:00 p.m. Dimayor dio a conocer los horarios de los partidos de las dos primeras jornadas de la [&hellip;]<\/p>\n","protected":false},"author":1,"featured_media":4441,"comment_status":"closed","ping_status":"open","sticky":false,"template":"","format":"standard","meta":{"footnotes":""},"categories":[9,2,66,4],"tags":[],"class_list":["post-4440","post","type-post","status-publish","format-standard","has-post-thumbnail","hentry","category-copa-aguila","category-cucuta-deportivo","category-encuesta","category-eventos"],"_links":{"self":[{"href":"https:\/\/soyrojinegro.com\/web\/wp-json\/wp\/v2\/posts\/4440","targetHints":{"allow":["GET"]}}],"collection":[{"href":"https:\/\/soyrojinegro.com\/web\/wp-json\/wp\/v2\/posts"}],"about":[{"href":"https:\/\/soyrojinegro.com\/web\/wp-json\/wp\/v2\/types\/post"}],"author":[{"embeddable":true,"href":"https:\/\/soyrojinegro.com\/web\/wp-json\/wp\/v2\/users\/1"}],"replies":[{"embeddable":true,"href":"https:\/\/soyrojinegro.com\/web\/wp-json\/wp\/v2\/comments?post=4440"}],"version-history":[{"count":0,"href":"https:\/\/soyrojinegro.com\/web\/wp-json\/wp\/v2\/posts\/4440\/revisions"}],"wp:featuredmedia":[{"embeddable":true,"href":"https:\/\/soyrojinegro.com\/web\/wp-json\/"}],"wp:attachment":[{"href":"https:\/\/soyrojinegro.com\/web\/wp-json\/wp\/v2\/media?parent=4440"}],"wp:term":[{"taxonomy":"category","embeddable":true,"href":"https:\/\/soyrojinegro.com\/web\/wp-json\/wp\/v2\/categories?post=4440"},{"taxonomy":"post_tag","embeddable":true,"href":"https:\/\/soyrojinegro.com\/web\/wp-json\/wp\/v2\/tags?post=4440"}],"curies":[{"name":"wp","href":"https:\/\/api.w.org\/{rel}","templated":true}]}}