{"id":4443,"date":"2019-01-16T13:19:59","date_gmt":"2019-01-16T18:19:59","guid":{"rendered":"http:\/\/soyrojinegro.com\/web\/?p=4443"},"modified":"2019-01-16T13:19:59","modified_gmt":"2019-01-16T18:19:59","slug":"cucuta-deportivo-definio-el-plantel-que-viajo-a-san-cristobal-para-jugar-en-cuadrangular-amistoso","status":"publish","type":"post","link":"https:\/\/soyrojinegro.com\/web\/cucuta-deportivo-definio-el-plantel-que-viajo-a-san-cristobal-para-jugar-en-cuadrangular-amistoso\/","title":{"rendered":"C\u00facuta Deportivo defini\u00f3 el plantel que viaj\u00f3 a San Crist\u00f3bal para jugar en cuadrangular amistoso"},"content":{"rendered":"<p>Wilder Guisao y Harrison Canchimbo no se desplazaron y realizar\u00e1n trabajos f\u00edsicos y con bal\u00f3n en C\u00facuta. John &#8216;La goma&#8217; Hern\u00e1ndez s\u00ed viaj\u00f3 y se quedar\u00eda en el equipo motil\u00f3n. 24 jugadores se desplazaron.<\/p>\n<p>Comienza la etapa de partidos amistosos para el equipo motil\u00f3n. El t\u00e9cnico Sebasti\u00e1n M\u00e9ndez dio a conocer la n\u00f3mina de futbolistas que se desplazar\u00e1n a San Crist\u00f3bal, Venezuela, para enfrentar a Deportivo Lara, Alianza Petrolera y Deportivo T\u00e1chira.<\/p>\n<p>El siguiente es el plantel de 24 jugadores que disputar\u00e1n los tres juegos amistosos: Juan Camilo Chaverra; Jhonny Da Silva, Henry Obando, James Castro, Darwin Carrero, Braynner Garc\u00eda, Mauricio Duarte, Jos\u00e9 Orlando P\u00e9rez, Brayner Zapata; Robert Carvajal, Diego Chica, Erick Monta\u00f1o, H\u00e1rrison Mancilla, Jhordan Valverde, Mateo Mu\u00f1oz, Mat\u00edas P\u00e9rez Garc\u00eda, Luis Fernando Miranda, Wilberto Cosme, Jonathan Agudelo, Carlos Mosquera, Juan Pablo Mar\u00edn, J\u00e9ysen N\u00fa\u00f1ez, John Edisson Hern\u00e1ndez y J\u00e9fferson Solano.<\/p>\n<p>Adem\u00e1s, el cuerpo t\u00e9cnico que viaj\u00f3 es: Sebasti\u00e1n M\u00e9ndez, Adri\u00e1n Gonz\u00e1lez, Julio Chalares y Javier Garza.<\/p>\n<p>Cuerpo M\u00e9dico: \u00c9dgar Cardona y Julio Angulo.<\/p>\n<p>Utilero: Salvador S\u00e1nchez.<\/p>\n<p>Gerente Deportivo: Gustavo Daza.<\/p>\n<p>Soyrojinegro.com<\/p>\n","protected":false},"excerpt":{"rendered":"<p>Wilder Guisao y Harrison Canchimbo no se desplazaron y realizar\u00e1n trabajos f\u00edsicos y con bal\u00f3n en C\u00facuta. John &#8216;La goma&#8217; Hern\u00e1ndez s\u00ed viaj\u00f3 y se quedar\u00eda en el equipo motil\u00f3n. 24 jugadores se desplazaron. Comienza la etapa de partidos amistosos para el equipo motil\u00f3n. El t\u00e9cnico Sebasti\u00e1n M\u00e9ndez dio a conocer la n\u00f3mina de futbolistas [&hellip;]<\/p>\n","protected":false},"author":1,"featured_media":4444,"comment_status":"closed","ping_status":"open","sticky":false,"template":"","format":"standard","meta":{"footnotes":""},"categories":[9,2,66,4,3,65,6],"tags":[],"class_list":["post-4443","post","type-post","status-publish","format-standard","has-post-thumbnail","hentry","category-copa-aguila","category-cucuta-deportivo","category-encuesta","category-eventos","category-noticias","category-torneo","category-torneo-aguila"],"_links":{"self":[{"href":"https:\/\/soyrojinegro.com\/web\/wp-json\/wp\/v2\/posts\/4443","targetHints":{"allow":["GET"]}}],"collection":[{"href":"https:\/\/soyrojinegro.com\/web\/wp-json\/wp\/v2\/posts"}],"about":[{"href":"https:\/\/soyrojinegro.com\/web\/wp-json\/wp\/v2\/types\/post"}],"author":[{"embeddable":true,"href":"https:\/\/soyrojinegro.com\/web\/wp-json\/wp\/v2\/users\/1"}],"replies":[{"embeddable":true,"href":"https:\/\/soyrojinegro.com\/web\/wp-json\/wp\/v2\/comments?post=4443"}],"version-history":[{"count":0,"href":"https:\/\/soyrojinegro.com\/web\/wp-json\/wp\/v2\/posts\/4443\/revisions"}],"wp:featuredmedia":[{"embeddable":true,"href":"https:\/\/soyrojinegro.com\/web\/wp-json\/"}],"wp:attachment":[{"href":"https:\/\/soyrojinegro.com\/web\/wp-json\/wp\/v2\/media?parent=4443"}],"wp:term":[{"taxonomy":"category","embeddable":true,"href":"https:\/\/soyrojinegro.com\/web\/wp-json\/wp\/v2\/categories?post=4443"},{"taxonomy":"post_tag","embeddable":true,"href":"https:\/\/soyrojinegro.com\/web\/wp-json\/wp\/v2\/tags?post=4443"}],"curies":[{"name":"wp","href":"https:\/\/api.w.org\/{rel}","templated":true}]}}