{"id":4550,"date":"2019-03-18T18:08:04","date_gmt":"2019-03-18T23:08:04","guid":{"rendered":"http:\/\/soyrojinegro.com\/web\/?p=4550"},"modified":"2019-03-18T18:08:04","modified_gmt":"2019-03-18T23:08:04","slug":"derrota-amarga-en-bucaramanga","status":"publish","type":"post","link":"https:\/\/soyrojinegro.com\/web\/derrota-amarga-en-bucaramanga\/","title":{"rendered":"Derrota amarga en Bucaramanga"},"content":{"rendered":"<p>C\u00facuta Deportivo perdi\u00f3 1-0, en la \u00faltima jugada del partido, contra Atl\u00e9tico Bucaramanga en el cierre de la fecha 10 de la Liga. Harold G\u00f3mez, exC\u00facuta, convirti\u00f3 el \u00fanico gol.<\/p>\n<p>Segunda derrota de nuestro equipo motil\u00f3n en Liga. Tras un primer tiempo en el que cucute\u00f1os y bumangueses ofrecieron pocas emociones, fue en el \u00faltimo minuto de los cinco de reposici\u00f3n cuando C\u00facuta Deportivo se qued\u00f3 con las manos vac\u00edas en un partido discreto.<\/p>\n<p>Tras esa l\u00e1nguida primera etapa, los dos equipos intentaron tener m\u00e1s f\u00fatbol y arriesgar m\u00e1s para quedarse con la victoria. en esta ocasi\u00f3n observamos a un C\u00facuta Deportivo cauteloso. Olvid\u00f3 las salidas r\u00e1pidas de defensa a ataque que lo ubicaron en lo m\u00e1s alto de la tabla, fue impreciso con el bal\u00f3n y muy pocas veces pate\u00f3 al arco rival, que en esta ocasi\u00f3n defendi\u00f3 Nelson Ramos, que se vio pasado de kilos.<\/p>\n<p>Apenas una llegada clara por parte de Jonathan Agudelo, en donde Ramos se qued\u00f3 con la pelota, fue la tibia muestra del onceno motil\u00f3n por querer quedarse con una nueva victoria. C\u00facuta, que pareci\u00f3 conformarse con el empate, volvi\u00f3 a equivocarse en el final del partido. Diego Chica, quien ya ten\u00eda tarjeta amarilla, cometi\u00f3 una falta sobre sherman C\u00e1rdenas, regal\u00f3 un tiro libre para el local y vio la segunda tarjeta amarilla en el juego: tarjeta roja y a las duchas.<\/p>\n<p>En medio de la discusi\u00f3n por si Chica sal\u00eda o no del campo, Bucaramanga se prepar\u00f3 para lo que fue la \u00faltima pelota del partido. Con decisi\u00f3n sab\u00eda que ah\u00ed pod\u00eda estar la victoria que busc\u00f3 en el segundo tiempo. C\u00facuta, por su parte, se confi\u00f3. Se desconcentr\u00f3 y no marc\u00f3 con dientes apretados. As\u00ed, Sherman ejecut\u00f3 la falta, Robayo cabece\u00f3 detr\u00e1s de Duarte y por delante de L\u00f3pez, el arquero Jhonny Da Silva ataj\u00f3, pero dio rebote, y Harold G\u00f3mez, lateral derecho, exC\u00facuta en 2015, empuj\u00f3 la pelota y puso a festejar a los locales.<\/p>\n<p>C\u00facuta qued\u00f3 con las manos vac\u00edas. Trabaj\u00f3 un punto y qued\u00f3 sin nada. De los 10 partidos de Liga fue el m\u00e1s discreto del motil\u00f3n, que ahora es segundo dela Liga con 20 puntos. Los dirigidos por Sebasti\u00e1n M\u00e9ndez se excedieron en esa precauci\u00f3n que los acompa\u00f1\u00f3 durante todo el partido. No afrontaron el cl\u00e1sico con el car\u00e1cter y decisi\u00f3n para ganar que esta clase de partidos requiere. Balance triste de una noche amarga.<\/p>\n<p>S\u00edntesis<\/p>\n<p>Estadio: Alfonso L\u00f3pez<br \/>\n\u00c1rbitro: Nicol\u00e1s Gallo<br \/>\nPartido: Malo<\/p>\n<p>Atl\u00e9tico Bucaramanga: Nelson Ramos; Harold G\u00f3mez, Camilo Mancilla, Henry Pern\u00eda, Marvin Vallecilla; Andr\u00e9s Ariza, Gabriel G\u00f3mez, Rafael Robayo, Jhon P\u00e9rez, Sherman C\u00e1rdenas; Roque Caballero. DT: Carlos Giraldo.<\/p>\n<p>Cambios: Sergio Romero por Caballero (12&#8242; ST); Johan Caballero por Gabriel G\u00f3mez (18&#8217;ST), Maximiliano N\u00fa\u00f1ez por P\u00e9rez (38&#8242; ST).<br \/>\nAmonestados: G\u00f3mez, Mancilla, Gabriel G\u00f3mez, Ariza, Vallecilla, Romero<br \/>\nExpulsados: no hubo<br \/>\nGol: Harold G\u00f3mez (45&#8242; ST +5&#8242;)<\/p>\n<p>C\u00facuta Deportivo: Jhonny Da Silva (6); James Castro (5), Javier L\u00f3pez (6), Darwin Carrero (5), Mauricio Duarte (5); Diego Chica (5), Harrinson Mancilla (6), Jhon Hern\u00e1ndez (5), Mat\u00edas P\u00e9rez (6); Luis Miranda (5) y Jonathan Agudelo (5). DT: Sebasti\u00e1n M\u00e9ndez.<\/p>\n<p>Cambios: Jeysen N\u00fa\u00f1ez por P\u00e9rez (21 ST), Lisandro Cabrera por Agudelo (32 ST) y Michael L\u00f3pez por Hern\u00e1ndez (46 ST).<br \/>\nAmonestados: Mancilla, Chica, Hern\u00e1ndez<br \/>\nExpulsado: Diego Chica (48&#8242; ST), de C\u00facuta.<\/p>\n","protected":false},"excerpt":{"rendered":"<p>C\u00facuta Deportivo perdi\u00f3 1-0, en la \u00faltima jugada del partido, contra Atl\u00e9tico Bucaramanga en el cierre de la fecha 10 de la Liga. Harold G\u00f3mez, exC\u00facuta, convirti\u00f3 el \u00fanico gol. Segunda derrota de nuestro equipo motil\u00f3n en Liga. Tras un primer tiempo en el que cucute\u00f1os y bumangueses ofrecieron pocas emociones, fue en el \u00faltimo [&hellip;]<\/p>\n","protected":false},"author":1,"featured_media":4551,"comment_status":"closed","ping_status":"open","sticky":false,"template":"","format":"standard","meta":{"footnotes":""},"categories":[2,4,3,1,6,65],"tags":[],"class_list":["post-4550","post","type-post","status-publish","format-standard","has-post-thumbnail","hentry","category-cucuta-deportivo","category-eventos","category-noticias","category-sin-categoria","category-torneo-aguila","category-torneo"],"_links":{"self":[{"href":"https:\/\/soyrojinegro.com\/web\/wp-json\/wp\/v2\/posts\/4550","targetHints":{"allow":["GET"]}}],"collection":[{"href":"https:\/\/soyrojinegro.com\/web\/wp-json\/wp\/v2\/posts"}],"about":[{"href":"https:\/\/soyrojinegro.com\/web\/wp-json\/wp\/v2\/types\/post"}],"author":[{"embeddable":true,"href":"https:\/\/soyrojinegro.com\/web\/wp-json\/wp\/v2\/users\/1"}],"replies":[{"embeddable":true,"href":"https:\/\/soyrojinegro.com\/web\/wp-json\/wp\/v2\/comments?post=4550"}],"version-history":[{"count":0,"href":"https:\/\/soyrojinegro.com\/web\/wp-json\/wp\/v2\/posts\/4550\/revisions"}],"wp:featuredmedia":[{"embeddable":true,"href":"https:\/\/soyrojinegro.com\/web\/wp-json\/"}],"wp:attachment":[{"href":"https:\/\/soyrojinegro.com\/web\/wp-json\/wp\/v2\/media?parent=4550"}],"wp:term":[{"taxonomy":"category","embeddable":true,"href":"https:\/\/soyrojinegro.com\/web\/wp-json\/wp\/v2\/categories?post=4550"},{"taxonomy":"post_tag","embeddable":true,"href":"https:\/\/soyrojinegro.com\/web\/wp-json\/wp\/v2\/tags?post=4550"}],"curies":[{"name":"wp","href":"https:\/\/api.w.org\/{rel}","templated":true}]}}