{"id":4574,"date":"2019-04-01T07:07:11","date_gmt":"2019-04-01T12:07:11","guid":{"rendered":"http:\/\/soyrojinegro.com\/web\/?p=4574"},"modified":"2019-04-01T07:07:11","modified_gmt":"2019-04-01T12:07:11","slug":"derrota-en-palmaseca-y-cucuta-deportivo-no-levanta","status":"publish","type":"post","link":"https:\/\/soyrojinegro.com\/web\/derrota-en-palmaseca-y-cucuta-deportivo-no-levanta\/","title":{"rendered":"Derrota en Palmaseca y C\u00facuta Deportivo, no levanta"},"content":{"rendered":"<p dir=\"ltr\">C\u00facuta Deportivo se trae amarga derrota de Palmaseca. Foto cortes\u00eda: Deportivo Cali.<\/p>\n<p dir=\"ltr\">Lo del C\u00facuta Deportivo ya empieza a preocupar, a los hinchas. El equipo cay\u00f3 2&#215;0 frente al Deportivo Cali que dirige Lucas Pusineri, ex t\u00e9cnico &#8220;motil\u00f3n&#8221;.<br \/>\nFue el encuentro del alma de \u00e9ste equipo del a\u00f1o anterior, el entrenador que forj\u00f3 una campa\u00f1a que qued\u00f3 en el libro de los buenos registros, con la gran mayor\u00eda fe jugadores que dirigi\u00f3, Pusineri conociendo a fondo al plantel aprovech\u00f3 para imponer condiciones en un juego que en el primer tiempo estuvo lleno de pol\u00e9micas, un gol que no fue validado tras un cabezazo de Dineno, quien impact\u00f3 un centro del sector desde el sector derecho, por donde concentr\u00f3 el ataque Cali, el arquero Juan Camilo Chaverra detuvo el bal\u00f3n, s\u00f3lo que en su reacci\u00f3n, el esf\u00e9rico pasa la l\u00ednea de meta y no se sanciona el gol, como tampoco una mano de Obando en el \u00e1rea que era penal.<br \/>\nCon ese 0x0 se van al descanso, pero muy temprano empezado la segunda parte llega el gol que abre el camino de la victoria del local, tras in tiro de esquina, se vuelve a evidenciar el mal momento de la defensa, porqie no sabe marcar el juego a\u00e9reo y all\u00ed toma ventaja Juan Ignacio Dinenno para concretar de cabeza el gol que pone 1&#215;0 el partido, la pelota en su recorrido es tocada por Obando.<br \/>\nCon el gol, C\u00facuta reacciona, el entrenador Sebasti\u00e1n M\u00e9ndez hace modificaciones para buscar el empate, sin embargo, nuestro goleador Agudelo, s\u00f3lo tuvo una oportunidad en el \u00e1rea, y fue en dos acciones del defensor Javier L\u00f3pez donde se gener\u00f3 las mejores opciones del C\u00facuta que vio caer su valla en una sefunda ocasi\u00f3n tras un penal discutido que le sancionan a Braynner Garc\u00eda, en un contacto leve que hay con un jugador del Cali a\u00fan sin que fuera las 16 con cincuenta.<br \/>\nFeiver Mercado marc\u00f3 desde el punto penal y ese termin\u00f3 siendo la sentencia para C\u00facuta que sigue mostrando serias deficiencias defensivas y se olvid\u00f3 de ser ese equipo contundente y efectivo en ataque.<br \/>\nAhora lo espera a mitad de semana, un partido en casa frente al Deportivo Pasto que dirige Alexis Garc\u00eda y que siempre con sus equipos es un dolor de cabeza en las visitas a C\u00facuta.<\/p>\n<p dir=\"ltr\">Ficha t\u00e9cnica:<\/p>\n<p dir=\"ltr\">Deportivo Cali: Camilo Vargas; Juan Camilo Angulo, Danny Rosero, Francisco Delorenzi (Richard Renter\u00eda 35\u2019), Darwin Andrade; Juan Carlos Caicedo, Christian Rivera, Agust\u00edn Palavecino, Carlos Rodr\u00edguez (Kevin Velasco 71\u2019); Feiver Mercado (Juan David Rengifo 82\u2019) y Juan Ignacio Dinenno.<br \/>\nEntrenador: Lucas Pusineri.<\/p>\n<p dir=\"ltr\">C\u00facuta Deportivo: Juan Chaverra; Henry Obando, Braynner Garc\u00eda, Javier L\u00f3pez, Mauricio Duarte; Diego Chica, Mateo Mu\u00f1oz (Michael L\u00f3pez 64\u2019), Mat\u00edas P\u00e9rez (Lisandro Cabrera 69\u2019), Wilder Guisao, Jeysen N\u00fa\u00f1ez (Luis Miranda 53\u2019); Jhonathan Agudelo.<br \/>\nEntrenador: Sebasti\u00e1n M\u00e9ndez<\/p>\n<p dir=\"ltr\">Goles: 1-0 Min 46. Juan Ignacio Dinenno; 2-0 Min 72 Feiver Mercado.<\/p>\n<p dir=\"ltr\">Amonestados: Juan Ignacio Dinenno (Deportivo Cali), Kevin Velasco (Deportivo Cali), Lisandro Cabrera (C\u00facuta), Braynner Garc\u00eda (C\u00facuta).<\/p>\n<p dir=\"ltr\">\u00c1rbitro: Heider Castro.<\/p>\n","protected":false},"excerpt":{"rendered":"<p>C\u00facuta Deportivo se trae amarga derrota de Palmaseca. Foto cortes\u00eda: Deportivo Cali. Lo del C\u00facuta Deportivo ya empieza a preocupar, a los hinchas. El equipo cay\u00f3 2&#215;0 frente al Deportivo Cali que dirige Lucas Pusineri, ex t\u00e9cnico &#8220;motil\u00f3n&#8221;. Fue el encuentro del alma de \u00e9ste equipo del a\u00f1o anterior, el entrenador que forj\u00f3 una campa\u00f1a [&hellip;]<\/p>\n","protected":false},"author":1,"featured_media":4575,"comment_status":"closed","ping_status":"open","sticky":false,"template":"","format":"standard","meta":{"footnotes":""},"categories":[2,3,1,6,65],"tags":[448,23,99,75],"class_list":["post-4574","post","type-post","status-publish","format-standard","has-post-thumbnail","hentry","category-cucuta-deportivo","category-noticias","category-sin-categoria","category-torneo-aguila","category-torneo","tag-448","tag-cucuta-deportivo-2","tag-deportivo-cali","tag-liga-aguila-2"],"_links":{"self":[{"href":"https:\/\/soyrojinegro.com\/web\/wp-json\/wp\/v2\/posts\/4574","targetHints":{"allow":["GET"]}}],"collection":[{"href":"https:\/\/soyrojinegro.com\/web\/wp-json\/wp\/v2\/posts"}],"about":[{"href":"https:\/\/soyrojinegro.com\/web\/wp-json\/wp\/v2\/types\/post"}],"author":[{"embeddable":true,"href":"https:\/\/soyrojinegro.com\/web\/wp-json\/wp\/v2\/users\/1"}],"replies":[{"embeddable":true,"href":"https:\/\/soyrojinegro.com\/web\/wp-json\/wp\/v2\/comments?post=4574"}],"version-history":[{"count":0,"href":"https:\/\/soyrojinegro.com\/web\/wp-json\/wp\/v2\/posts\/4574\/revisions"}],"wp:featuredmedia":[{"embeddable":true,"href":"https:\/\/soyrojinegro.com\/web\/wp-json\/"}],"wp:attachment":[{"href":"https:\/\/soyrojinegro.com\/web\/wp-json\/wp\/v2\/media?parent=4574"}],"wp:term":[{"taxonomy":"category","embeddable":true,"href":"https:\/\/soyrojinegro.com\/web\/wp-json\/wp\/v2\/categories?post=4574"},{"taxonomy":"post_tag","embeddable":true,"href":"https:\/\/soyrojinegro.com\/web\/wp-json\/wp\/v2\/tags?post=4574"}],"curies":[{"name":"wp","href":"https:\/\/api.w.org\/{rel}","templated":true}]}}