{"id":4792,"date":"2020-01-05T17:17:25","date_gmt":"2020-01-05T22:17:25","guid":{"rendered":"http:\/\/soyrojinegro.com\/web\/?p=4792"},"modified":"2020-01-05T17:17:25","modified_gmt":"2020-01-05T22:17:25","slug":"jairo-el-viejo-patino-nuevo-dt-de-cucuta-deportivo","status":"publish","type":"post","link":"https:\/\/soyrojinegro.com\/web\/jairo-el-viejo-patino-nuevo-dt-de-cucuta-deportivo\/","title":{"rendered":"Jairo &#8216;El Viejo&#8217; Pati\u00f1o, nuevo DT de C\u00facuta Deportivo"},"content":{"rendered":"<p>Jairo &#8216;El Viejo&#8217; Pati\u00f1o, nuevo DT de C\u00facuta Deportivo. Foto: Fredyy Figueroa<\/p>\n<p>El exjugador y ahora entrenador dirigir\u00e1 al equipo motil\u00f3n en 2020. Armando Maldonado, quien sale en la foto, ser\u00e1 su asistente.<\/p>\n<p>En el a\u00f1o del F\u00fatbol Premium y tras un semestre con innumerables problemas econ\u00f3micos, se dio a conocer que Jairo Leonard Pati\u00f1o Rosero ser\u00e1 el nuevo director t\u00e9cnico del equipo motil\u00f3n para este a\u00f1o.<\/p>\n<p>Pati\u00f1o, de 41 a\u00f1os, jug\u00f3 con C\u00facuta en el torneo Finalizaci\u00f3n 2012 y en el Apertura 2013, cuando el equipo fue dirigido por \u00d3scar Quintabani y Guillermo Sangunetti.<\/p>\n<p>El exjugador, mediocampista y quien hizo parte de la Selecci\u00f3n Colombia, estuvo en 2017 en Llaneros FC y en 2019 dirigi\u00f3 a Bogot\u00e1 FC. Armando Maldonado, quien fuera su asistente en esos dos equipos, tambi\u00e9n acompa\u00f1ar\u00e1 a Pati\u00f1o en esta nueva experiencia. A su lado estar\u00e1 como asistente t\u00e9cnico\u00a0Armando Maldonado.<\/p>\n<p>C\u00facuta Deportivo ya comenz\u00f3 su pretemporada en Bogot\u00e1 y el fin de semana del 26 de enero comenzar\u00e1 su participaci\u00f3n en la Liga Betplay en Tunja, visitando a Patriotas. Despu\u00e9s de dicho juego, el plantel se desplazar\u00e1 a C\u00facuta para recibir a Millonarios por la segunda fecha. Y luego, jugar\u00e1 en Pereira frente al conjunto &#8216;mateca\u00f1a&#8217;.<\/p>\n<p>Soyrojinegro.com<\/p>\n","protected":false},"excerpt":{"rendered":"<p>Jairo &#8216;El Viejo&#8217; Pati\u00f1o, nuevo DT de C\u00facuta Deportivo. Foto: Fredyy Figueroa El exjugador y ahora entrenador dirigir\u00e1 al equipo motil\u00f3n en 2020. Armando Maldonado, quien sale en la foto, ser\u00e1 su asistente. En el a\u00f1o del F\u00fatbol Premium y tras un semestre con innumerables problemas econ\u00f3micos, se dio a conocer que Jairo Leonard Pati\u00f1o [&hellip;]<\/p>\n","protected":false},"author":1,"featured_media":4793,"comment_status":"closed","ping_status":"open","sticky":false,"template":"","format":"standard","meta":{"footnotes":""},"categories":[2,3,6,65],"tags":[515,23,522,523],"class_list":["post-4792","post","type-post","status-publish","format-standard","has-post-thumbnail","hentry","category-cucuta-deportivo","category-noticias","category-torneo-aguila","category-torneo","tag-515","tag-cucuta-deportivo-2","tag-jairo-patino","tag-nuevo-tecni"],"_links":{"self":[{"href":"https:\/\/soyrojinegro.com\/web\/wp-json\/wp\/v2\/posts\/4792","targetHints":{"allow":["GET"]}}],"collection":[{"href":"https:\/\/soyrojinegro.com\/web\/wp-json\/wp\/v2\/posts"}],"about":[{"href":"https:\/\/soyrojinegro.com\/web\/wp-json\/wp\/v2\/types\/post"}],"author":[{"embeddable":true,"href":"https:\/\/soyrojinegro.com\/web\/wp-json\/wp\/v2\/users\/1"}],"replies":[{"embeddable":true,"href":"https:\/\/soyrojinegro.com\/web\/wp-json\/wp\/v2\/comments?post=4792"}],"version-history":[{"count":0,"href":"https:\/\/soyrojinegro.com\/web\/wp-json\/wp\/v2\/posts\/4792\/revisions"}],"wp:featuredmedia":[{"embeddable":true,"href":"https:\/\/soyrojinegro.com\/web\/wp-json\/"}],"wp:attachment":[{"href":"https:\/\/soyrojinegro.com\/web\/wp-json\/wp\/v2\/media?parent=4792"}],"wp:term":[{"taxonomy":"category","embeddable":true,"href":"https:\/\/soyrojinegro.com\/web\/wp-json\/wp\/v2\/categories?post=4792"},{"taxonomy":"post_tag","embeddable":true,"href":"https:\/\/soyrojinegro.com\/web\/wp-json\/wp\/v2\/tags?post=4792"}],"curies":[{"name":"wp","href":"https:\/\/api.w.org\/{rel}","templated":true}]}}