{"id":4806,"date":"2020-01-23T12:26:57","date_gmt":"2020-01-23T17:26:57","guid":{"rendered":"http:\/\/soyrojinegro.com\/web\/?p=4806"},"modified":"2020-01-23T12:26:57","modified_gmt":"2020-01-23T17:26:57","slug":"las-altas-y-las-bajas-de-cucuta-deportivo","status":"publish","type":"post","link":"https:\/\/soyrojinegro.com\/web\/las-altas-y-las-bajas-de-cucuta-deportivo\/","title":{"rendered":"Las altas y las bajas de C\u00facuta Deportivo"},"content":{"rendered":"<p><strong>Las altas y las bajas de C\u00facuta Deportivo. Foto archivo: soyrojinegro.com\u00a0<\/strong><\/p>\n<p>Ac\u00e1 les mostramos los jugadores que salieron y llegaron al conjunto motil\u00f3n para 2020. Jairo Pati\u00f1o comandar\u00e1 desde el banco t\u00e9cnico una nueva temporada. El debut ser\u00e1 el domingo en Tunja.<\/p>\n<p>Nueva temporada y nuevo equipo. As\u00ed es como se presenta este nuevo a\u00f1o para C\u00facuta Deportivo. Nuevamente los problemas econ\u00f3micos est\u00e1n presentes, como sucede con varios clubes del pa\u00eds, pero la ilusi\u00f3n vuelve a aparecer en cada uno de los miles de hinchas del conjunto &#8216;rojinegro&#8217;. As\u00ed somos los aficionados, pese a todos los inconvenientes que se puedan presentar.<\/p>\n<p>Y a horas del debut en Tunja, cuando el domingo los dirigidos por Jairo Pati\u00f1o enfrenten a Patriotas, a las 3:15 p.m., les mostramos el listado de los nuevos jugadores del club, los que se fueron y, de \u00f1apa, los que contin\u00e1n del a\u00f1o anterior, un a\u00f1o muy bueno en la parte futbol\u00edstica, ya que se sumaron 61 puntos en el a\u00f1o, apenas a 4 unidades de haber clasificado a la Copa Suramericana. Ojal\u00e1 en este 2020 haya algo parecido, pero desde ya hay que saber que hay varias bajas y el equipo perdi\u00f3 peso y jerarqu\u00eda. Es la realidad.<\/p>\n<p>Los que llegaron: Jairo Pati\u00f1o (DT), Hanyer Mosquera, Diego Peralta, Michell Ramos, Agustin Vuletich (ARG), Hern\u00e1n Dar\u00edo Burbano, Jhoan Arenas, Cristian Valencia, Gilberto &#8216;\u00c1lcatr\u00e1z&#8217; Garc\u00eda, Tom\u00e1s Maya, Juan Carlos Caicedo, Nicol\u00e1s Palacios, Jean Pineda.<\/p>\n<p>Los que se fueron: Jhonny Da Silva (URU), James Castro, Mateo Cardona, Mat\u00edas P\u00e9rez, \u00c9ver Valencia, J\u00e9iysen N\u00fa\u00f1ez, Andr\u00e9s Sarmiento, Carmelo Valencia, David Achucarro (ARG), Diego Chica, H\u00e1rrison Mancilla, Luis Miranda, Guillermo Sanguinetti (DT), Wilder Guisao, Jhon &#8216;Goma&#8217; Hern\u00e1ndez, Mauricio Duarte, Braynner Garc\u00eda, Henry Obando, Alexis Hinestroza, J\u00e9fferson Solano, Duv\u00e1n Carrillo, Luis Ortiz, Daniel Restrepo, Johan G\u00f3mez.<\/p>\n<p>Los que siguen: Juan Camilo Chaverra, Diego S\u00e1nchez, Jos\u00e9 Orlando P\u00e9rez, Cristian Mina, Y\u00e9yson Carabal\u00ed. Javier L\u00f3pez est\u00e1 en etapa de recuperaci\u00f3n de su lesi\u00f3n en su rodilla derecha.<\/p>\n<p>Soyrojinegro.<\/p>\n","protected":false},"excerpt":{"rendered":"<p>Las altas y las bajas de C\u00facuta Deportivo. Foto archivo: soyrojinegro.com\u00a0 Ac\u00e1 les mostramos los jugadores que salieron y llegaron al conjunto motil\u00f3n para 2020. Jairo Pati\u00f1o comandar\u00e1 desde el banco t\u00e9cnico una nueva temporada. El debut ser\u00e1 el domingo en Tunja. Nueva temporada y nuevo equipo. As\u00ed es como se presenta este nuevo a\u00f1o [&hellip;]<\/p>\n","protected":false},"author":1,"featured_media":4807,"comment_status":"closed","ping_status":"open","sticky":false,"template":"","format":"standard","meta":{"footnotes":""},"categories":[2,3,1,6,65],"tags":[530,23,531,525],"class_list":["post-4806","post","type-post","status-publish","format-standard","has-post-thumbnail","hentry","category-cucuta-deportivo","category-noticias","category-sin-categoria","category-torneo-aguila","category-torneo","tag-arranque-2020","tag-cucuta-deportivo-2","tag-las-novedades","tag-liga-betplay"],"_links":{"self":[{"href":"https:\/\/soyrojinegro.com\/web\/wp-json\/wp\/v2\/posts\/4806","targetHints":{"allow":["GET"]}}],"collection":[{"href":"https:\/\/soyrojinegro.com\/web\/wp-json\/wp\/v2\/posts"}],"about":[{"href":"https:\/\/soyrojinegro.com\/web\/wp-json\/wp\/v2\/types\/post"}],"author":[{"embeddable":true,"href":"https:\/\/soyrojinegro.com\/web\/wp-json\/wp\/v2\/users\/1"}],"replies":[{"embeddable":true,"href":"https:\/\/soyrojinegro.com\/web\/wp-json\/wp\/v2\/comments?post=4806"}],"version-history":[{"count":0,"href":"https:\/\/soyrojinegro.com\/web\/wp-json\/wp\/v2\/posts\/4806\/revisions"}],"wp:featuredmedia":[{"embeddable":true,"href":"https:\/\/soyrojinegro.com\/web\/wp-json\/"}],"wp:attachment":[{"href":"https:\/\/soyrojinegro.com\/web\/wp-json\/wp\/v2\/media?parent=4806"}],"wp:term":[{"taxonomy":"category","embeddable":true,"href":"https:\/\/soyrojinegro.com\/web\/wp-json\/wp\/v2\/categories?post=4806"},{"taxonomy":"post_tag","embeddable":true,"href":"https:\/\/soyrojinegro.com\/web\/wp-json\/wp\/v2\/tags?post=4806"}],"curies":[{"name":"wp","href":"https:\/\/api.w.org\/{rel}","templated":true}]}}