{"id":5083,"date":"2022-04-21T16:48:08","date_gmt":"2022-04-21T21:48:08","guid":{"rendered":"http:\/\/soyrojinegro.com\/web\/?p=5083"},"modified":"2022-04-21T16:48:08","modified_gmt":"2022-04-21T21:48:08","slug":"oficial-estamos-de-vuelta","status":"publish","type":"post","link":"https:\/\/soyrojinegro.com\/web\/oficial-estamos-de-vuelta\/","title":{"rendered":"Oficial, estamos de vuelta"},"content":{"rendered":"<p>Con una conferencia de prensa, el Presidente de la Dimayor, Fernando Jaramillo confirm\u00f3 que el C\u00facuta Deportivo volver\u00e1 a la vida futbol\u00edstica jugando en la Primera B.<\/p>\n<p>V\u00eda libre a la nueva vida del equipo rojinegro que ahora pone en marcha la operaci\u00f3n regreso. El equipo que tiene una base de jugadores que est\u00e1n trabajando en territorio antioque\u00f1o desde el comienzo del a\u00f1o se trasladar\u00e1 el pr\u00f3ximo mes para adecuar el funcionamiento, la log\u00edstica y lo correspondiente a los jugadores que integrar\u00e1n la n\u00f3mina para afrontar la temporada que inicia el segundo semestre.<\/p>\n<p>El m\u00e1ximo directivo de los clubes colombianos entreg\u00f3 detalles sobre ese regreso y las expectativas que tienen en esta nueva oportunidad los directivos en especial, el m\u00e1ximo accionista Jose Augusto Cadena quien deleg\u00f3 en Eduardo Silva Meluk el rescate administrativo y deportivo.<\/p>\n<p><strong>&#8220;Jos\u00e9 Augusto Cadena, independientemente lo que se pueda pensar de \u00e9l ha hecho un esfuerzo grande por este club, ha invertido un patrimonio importante y\u00a0<\/strong><strong>desde el punto de vista administrativo creo que hay una nueva etapa del C\u00facuta Deportivo la cual la Dimayor est\u00e1 apoyando estoy seguro que ese proyecto que tiene ellos bien manejado tienen un esquema desde el punto administrativo, comenzando por su presidente y su junta directiva y eso m\u00e1s la gran plaza que tiene y deportivamente han esta trabajando bien le va a asegurar el \u00e9xito en el futuro&#8221;<\/strong><br \/>\nA la gran expectativa que ha desatado en la ciudad la noticia del regreso del equipo motil\u00f3n y sobre la manera que debe competir, Fernando Jaramillo considera que el equipo tendr\u00e1 una misi\u00f3n dif\u00edcil para lograr su ascenso a la Primera Divisi\u00f3n, pero deportivamente se abre la posibilidad de llegar y la forma como debe conseguirlo.<\/p>\n<p><strong>&#8220;Lo primero es que el C\u00facuta regresa a la B, nada del descenso y del ascenso va a cambiar eso ya est\u00e1 acordado cuales son las reglas para el ascenso y del descenso y el C\u00facuta para ascender tendr\u00eda que quedar campe\u00f3n del torneo del semestre y quedar campe\u00f3n con el que queda campe\u00f3n del torneo de la b, no es f\u00e1cil, pero repito la plaza de C\u00facuta, es una plaza muy importantey que va a tener el apoyo obviamente el C\u00facuta de todos sus hinchas ya lo han logrado, as\u00ed que no es un camino f\u00e1cil, pero creo que con este nuevo proyecto hay posibilidades de que C\u00facuta pronto vuelva a la A&#8221;<\/strong><\/p>\n<p>El presidente dela Dimayor reiter\u00f3 el apoyo del Gobierno Nacional, con el Presidente Iv\u00e1n Duque, el Ministerio del Deporte, La Superintendencia de Sociedades fue fundamental para que se diera el regreso con el aval de los clubes en la pasada Asamblea que ratific\u00f3 que el equipo debe cumplir los compromisos adquiridos para no volver a caer una situaci\u00f3n similar a la que vivi\u00f3 y que por poco sepulta el f\u00fatbol de la ciudad.<\/p>\n<p>&nbsp;<\/p>\n","protected":false},"excerpt":{"rendered":"<p>Con una conferencia de prensa, el Presidente de la Dimayor, Fernando Jaramillo confirm\u00f3 que el C\u00facuta Deportivo volver\u00e1 a la vida futbol\u00edstica jugando en la Primera B. V\u00eda libre a la nueva vida del equipo rojinegro que ahora pone en marcha la operaci\u00f3n regreso. El equipo que tiene una base de jugadores que est\u00e1n trabajando [&hellip;]<\/p>\n","protected":false},"author":1,"featured_media":5084,"comment_status":"closed","ping_status":"open","sticky":false,"template":"","format":"standard","meta":{"footnotes":""},"categories":[2,3,1,6,65],"tags":[617,23,168,618,619],"class_list":["post-5083","post","type-post","status-publish","format-standard","has-post-thumbnail","hentry","category-cucuta-deportivo","category-noticias","category-sin-categoria","category-torneo-aguila","category-torneo","tag-617","tag-cucuta-deportivo-2","tag-dimayor","tag-oficializa-regreso","tag-torneo-b"],"_links":{"self":[{"href":"https:\/\/soyrojinegro.com\/web\/wp-json\/wp\/v2\/posts\/5083","targetHints":{"allow":["GET"]}}],"collection":[{"href":"https:\/\/soyrojinegro.com\/web\/wp-json\/wp\/v2\/posts"}],"about":[{"href":"https:\/\/soyrojinegro.com\/web\/wp-json\/wp\/v2\/types\/post"}],"author":[{"embeddable":true,"href":"https:\/\/soyrojinegro.com\/web\/wp-json\/wp\/v2\/users\/1"}],"replies":[{"embeddable":true,"href":"https:\/\/soyrojinegro.com\/web\/wp-json\/wp\/v2\/comments?post=5083"}],"version-history":[{"count":0,"href":"https:\/\/soyrojinegro.com\/web\/wp-json\/wp\/v2\/posts\/5083\/revisions"}],"wp:featuredmedia":[{"embeddable":true,"href":"https:\/\/soyrojinegro.com\/web\/wp-json\/"}],"wp:attachment":[{"href":"https:\/\/soyrojinegro.com\/web\/wp-json\/wp\/v2\/media?parent=5083"}],"wp:term":[{"taxonomy":"category","embeddable":true,"href":"https:\/\/soyrojinegro.com\/web\/wp-json\/wp\/v2\/categories?post=5083"},{"taxonomy":"post_tag","embeddable":true,"href":"https:\/\/soyrojinegro.com\/web\/wp-json\/wp\/v2\/tags?post=5083"}],"curies":[{"name":"wp","href":"https:\/\/api.w.org\/{rel}","templated":true}]}}