{"id":5487,"date":"2023-10-24T19:47:08","date_gmt":"2023-10-25T00:47:08","guid":{"rendered":"https:\/\/soyrojinegro.com\/web\/?p=5487"},"modified":"2023-10-24T19:47:08","modified_gmt":"2023-10-25T00:47:08","slug":"cucuta-sumo-en-yumbo-y-sigue-lider-del-cuadrangular-b","status":"publish","type":"post","link":"https:\/\/soyrojinegro.com\/web\/cucuta-sumo-en-yumbo-y-sigue-lider-del-cuadrangular-b\/","title":{"rendered":"C\u00facuta sum\u00f3 en Yumbo y sigue l\u00edder del cuadrangular B"},"content":{"rendered":"\n<p>Santiago Guzm\u00e1n, al minuto 77, marc\u00f3 el golazo del equipo motil\u00f3n, que lleg\u00f3 a 4 puntos y el viernes visita a Barranquilla FC.<\/p>\n\n\n\n<figure class=\"wp-block-image size-full\"><a href=\"https:\/\/soyrojinegro.com\/web\/wp-content\/uploads\/2023\/10\/Mesa-de-trabajo-5-50-1.jpg\"><img decoding=\"async\" src=\"https:\/\/soyrojinegro.com\/web\/wp-content\/uploads\/2023\/10\/Mesa-de-trabajo-5-50-1.jpg\" alt=\"\" class=\"wp-image-5488\"\/><\/a><figcaption class=\"wp-element-caption\"><strong>Cortes\u00eda: Dimayor<\/strong><\/figcaption><\/figure>\n\n\n\n<p>C\u00facuta Deportivo no hizo su mejor presentaci\u00f3n frente a Atl\u00e9tico FC, por la segunda fecha de los cuadrangulares semifinales del Torneo II de ascenso. Los dirigidos por el argentino Federico Barrionuevo no lograron inquietar en todo el primer tiempo al arquero Juan Jaramillo, del conjunto local. En parte por virtud de Atl\u00e9tico, que se hizo fuerte en defensa y en la zona media logr\u00f3 controlar al argentino Lucas Barrios, generador del f\u00fatbol ofensivo para los &#8216;rojinegros&#8217;.<\/p>\n\n\n\n<p>Adem\u00e1s, Jefry Zapata, Juan David Moreno y J\u00f3ider Micolta no encontraron los espacios necesarios para generar peligro. Le cost\u00f3 mucho esa primera parte a C\u00facuta Deportivo.<\/p>\n\n\n\n<p>En la segunda etapa, al minuto 25, Darwin Carrero cometi\u00f3 un penalti infantil. Abri\u00f3 su brazo derecho y la pelota peg\u00f3 contra su mano. El juez decret\u00f3 la falta y Andr\u00e9s Carabal\u00ed, con un toque suave enga\u00f1\u00f3 al buen arquero Ezequiel Mastrol\u00eda. Desde entonces C\u00facuta se despert\u00f3. Busc\u00f3 la igualdad y siete minutos m\u00e1s tarde encontr\u00f3 la igualdad con un espectacular remate de Santiago Guzm\u00e1n, quien hab\u00eda ingresado al campo de juego para dar una mano con sus salidas ofensivas por la banda derecha.<\/p>\n\n\n\n<figure class=\"wp-block-gallery has-nested-images columns-default is-cropped wp-block-gallery-1 is-layout-flex wp-block-gallery-is-layout-flex\">\n<figure class=\"wp-block-image size-large\"><a href=\"https:\/\/soyrojinegro.com\/web\/wp-content\/uploads\/2023\/10\/Mesa-de-trabajo-10-50.jpg\"><img decoding=\"async\" data-id=\"5490\" src=\"https:\/\/soyrojinegro.com\/web\/wp-content\/uploads\/2023\/10\/Mesa-de-trabajo-10-50.jpg\" alt=\"\" class=\"wp-image-5490\"\/><\/a><figcaption class=\"wp-element-caption\"><strong>Cortes\u00eda: Dimayor<\/strong><\/figcaption><\/figure>\n<\/figure>\n\n\n\n<p>El empate le dio aire a C\u00facuta, que tuvo 10 minutos buenos y pudo llegar a la victoria de no ser por una mala definici\u00f3n del delantero Andr\u00e9s Peralta, quien tuvo una opci\u00f3n clara, pero el arquero Jaramillo detuvo.<\/p>\n\n\n\n<p>C\u00facuta Deportivo tiene ahora 4 puntos y lidera su zona, la B, en los cuadrangulares. El viernes visitar\u00e1 a Barranquilla, a las 4:00 p.m. por la tercera jornada y el lunes, cucute\u00f1os y barranquilleros, volver\u00e1n a enfrentarse a la misma hora, pero en el estadio General Santander.<\/p>\n\n\n\n<p>Eso s\u00ed, lo malo del encuentro en Yumbo, Valle del Cauca, fue la lesi\u00f3n del defensa Hern\u00e1n Pert\u00faz y el mediocampista Juan Pablo D\u00edaz, quienes se perder\u00e1n con C\u00facuta los siguientes dos compromisos.<\/p>\n\n\n\n<p>Por: Leonardo Duque Soto<\/p>\n","protected":false},"excerpt":{"rendered":"<p>Santiago Guzm\u00e1n, al minuto 77, marc\u00f3 el golazo del equipo motil\u00f3n, que lleg\u00f3 a 4 puntos y el viernes visita a Barranquilla FC. C\u00facuta Deportivo no hizo su mejor presentaci\u00f3n frente a Atl\u00e9tico FC, por la segunda fecha de los cuadrangulares semifinales del Torneo II de ascenso. Los dirigidos por el argentino Federico Barrionuevo no [&hellip;]<\/p>\n","protected":false},"author":1,"featured_media":5489,"comment_status":"closed","ping_status":"open","sticky":false,"template":"","format":"standard","meta":{"footnotes":""},"categories":[9,2,3,65,6],"tags":[656,262,23,670],"class_list":["post-5487","post","type-post","status-publish","format-standard","has-post-thumbnail","hentry","category-copa-aguila","category-cucuta-deportivo","category-noticias","category-torneo","category-torneo-aguila","tag-ascenso-colombia","tag-atletico","tag-cucuta-deportivo-2","tag-torneo-betplay-ii-2023"],"_links":{"self":[{"href":"https:\/\/soyrojinegro.com\/web\/wp-json\/wp\/v2\/posts\/5487","targetHints":{"allow":["GET"]}}],"collection":[{"href":"https:\/\/soyrojinegro.com\/web\/wp-json\/wp\/v2\/posts"}],"about":[{"href":"https:\/\/soyrojinegro.com\/web\/wp-json\/wp\/v2\/types\/post"}],"author":[{"embeddable":true,"href":"https:\/\/soyrojinegro.com\/web\/wp-json\/wp\/v2\/users\/1"}],"replies":[{"embeddable":true,"href":"https:\/\/soyrojinegro.com\/web\/wp-json\/wp\/v2\/comments?post=5487"}],"version-history":[{"count":0,"href":"https:\/\/soyrojinegro.com\/web\/wp-json\/wp\/v2\/posts\/5487\/revisions"}],"wp:featuredmedia":[{"embeddable":true,"href":"https:\/\/soyrojinegro.com\/web\/wp-json\/"}],"wp:attachment":[{"href":"https:\/\/soyrojinegro.com\/web\/wp-json\/wp\/v2\/media?parent=5487"}],"wp:term":[{"taxonomy":"category","embeddable":true,"href":"https:\/\/soyrojinegro.com\/web\/wp-json\/wp\/v2\/categories?post=5487"},{"taxonomy":"post_tag","embeddable":true,"href":"https:\/\/soyrojinegro.com\/web\/wp-json\/wp\/v2\/tags?post=5487"}],"curies":[{"name":"wp","href":"https:\/\/api.w.org\/{rel}","templated":true}]}}