{"id":5521,"date":"2023-11-11T21:07:50","date_gmt":"2023-11-12T02:07:50","guid":{"rendered":"https:\/\/soyrojinegro.com\/web\/?p=5521"},"modified":"2023-11-11T21:07:50","modified_gmt":"2023-11-12T02:07:50","slug":"derrota-en-villavicencio-y-ahora-a-ser-los-mas-fuertes","status":"publish","type":"post","link":"https:\/\/soyrojinegro.com\/web\/derrota-en-villavicencio-y-ahora-a-ser-los-mas-fuertes\/","title":{"rendered":"Derrota en Villavicencio y ahora a ser los m\u00e1s fuertes"},"content":{"rendered":"\n<p><em><strong>Foto cortes\u00eda: Llaneros F.C<\/strong><\/em>. C\u00facuta Deportivo cay\u00f3 1&#215;0 en Villavicencio contra Llaneros con un equipo alterno y enfrentar\u00e1 la final del torneo de ascenso frente a Fortaleza, el primer juego ser\u00e1 en el estadio General Santander y la definici\u00f3n en Bogot\u00e1.<\/p>\n\n\n\n<p>La anotaci\u00f3n fue obra de Kevin Quejada para que Llaneros se quedar\u00e1 con el triunfo, gol conseguido en la segunda parte cuando estaba por acabar el compromiso a los 85 minutos de juego.<\/p>\n\n\n\n<p>Ahora a pensar en las f\u00f3rmulas para derrotar al l\u00edder de la reclasificaci\u00f3n, Fortaleza con su victoria 2&#215;1 sobre Boca Juniors de Cali asegur\u00f3 su primer lugar en el grupo A y gan\u00f3 el derecho de disputar la final del torneo del segundo semestre, el ganador de la seire que arranca en C\u00facuta se medir\u00e1 en la gran final a Patriotas y el vencedor tendr\u00e1 el primer cupo a la primera divisi\u00f3n del F\u00fatbol colombiano.<\/p>\n\n\n\n<figure class=\"wp-block-image size-large\"><a href=\"https:\/\/soyrojinegro.com\/web\/wp-content\/uploads\/2023\/11\/F-sY6JDX0AAx4ZO.jpeg\"><img decoding=\"async\" src=\"https:\/\/soyrojinegro.com\/web\/wp-content\/uploads\/2023\/11\/F-sY6JDX0AAx4ZO-1024x682.jpeg\" alt=\"\" class=\"wp-image-5523\"\/><\/a><figcaption class=\"wp-element-caption\"><strong><em>Foto cortes\u00eda: Llanreros F.C.<\/em><\/strong><\/figcaption><\/figure>\n\n\n\n<p>El camino ser\u00e1 dif\u00edcil, porque Fortaleza es un equipo muy duro como visitante y en casa, pero toca hacer la tarea, porque las opciones de ascenso, s\u00f3lo est\u00e1n llegando a super final, el equipo capitalino en caso de ganar la serie frente al C\u00facuta, as\u00ed pierda la gran final con Patriotas tendr\u00e1 el cupo a la A por reclasificaci\u00f3n, mientras los motilone tienen que vencer a los &#8220;Amix&#8221; para jugarse quiz\u00e1 otra opci\u00f3n si llegara a perder esa final con los boyanceses, tendr\u00edan que enfrentar nuevamente a Fortaleza que es l\u00edder de la reclasificaci\u00f3n.<\/p>\n\n\n\n<p>De la mano de al afici\u00f3n hay que ganar, recuerden esa final es de 180 minutos, no hay que confiarse. Vamos Equipo, Vamos C\u00facuta.<\/p>\n\n\n\n<p><\/p>\n\n\n\n<p><strong>Ficha T\u00e9cnica:<\/strong><\/p>\n\n\n\n<p><strong>Llaneros:<\/strong>&nbsp;Kevin Armesto; Geovan Montes, Cristian Mina, Jonathan Mu\u00f1oz, Jan Angulo; Eyner Restrepo, Carlos Bogot\u00e1 (Kevin Quejada, 79\u2019), Juan Nieva Jos\u00e9 Andrade, 63\u2019); Andr\u00e9s L\u00f3pez (Jos\u00e9 Leudo, 63\u2019), Bryan Urue\u00f1a, Marcos Landaburu (Harold Reina, 63\u2019).<\/p>\n\n\n\n<p><strong>DT: Mario Valencia. \u00a0<\/strong><\/p>\n\n\n\n<p><strong>C\u00facuta Deportivo:&nbsp;<\/strong>Sergio Avellaneda; Jhonatan Gonz\u00e1lez; Darwin Carrero, Bayron Suaza (David Valencia, 75\u2019), Mauricio Duarte; Gustavo Carvajal (Stalin Motta, 24\u2019), Alexander Gonz\u00e1lez; Felipe Ospina, Kevin \u00c1lvarez (Juan Ram\u00edrez, 75\u2019), Jos\u00e9 Estupi\u00f1\u00e1n (David Barrenechi, 67\u2019), Brayan Moreno (Germ\u00e1n Triana, 67\u2019).<\/p>\n\n\n\n<p><strong>DT: Federico Barrionuevo<\/strong><\/p>\n\n\n\n<p><\/p>\n","protected":false},"excerpt":{"rendered":"<p>Foto cortes\u00eda: Llaneros F.C. C\u00facuta Deportivo cay\u00f3 1&#215;0 en Villavicencio contra Llaneros con un equipo alterno y enfrentar\u00e1 la final del torneo de ascenso frente a Fortaleza, el primer juego ser\u00e1 en el estadio General Santander y la definici\u00f3n en Bogot\u00e1. La anotaci\u00f3n fue obra de Kevin Quejada para que Llaneros se quedar\u00e1 con el [&hellip;]<\/p>\n","protected":false},"author":1,"featured_media":5522,"comment_status":"closed","ping_status":"open","sticky":false,"template":"","format":"standard","meta":{"footnotes":""},"categories":[9,2,3,6,65],"tags":[620,258,23,281,193,182,670],"class_list":["post-5521","post","type-post","status-publish","format-standard","has-post-thumbnail","hentry","category-copa-aguila","category-cucuta-deportivo","category-noticias","category-torneo-aguila","category-torneo","tag-ascenso","tag-colombia","tag-cucuta-deportivo-2","tag-fortaleza","tag-futbol","tag-llaneros","tag-torneo-betplay-ii-2023"],"_links":{"self":[{"href":"https:\/\/soyrojinegro.com\/web\/wp-json\/wp\/v2\/posts\/5521","targetHints":{"allow":["GET"]}}],"collection":[{"href":"https:\/\/soyrojinegro.com\/web\/wp-json\/wp\/v2\/posts"}],"about":[{"href":"https:\/\/soyrojinegro.com\/web\/wp-json\/wp\/v2\/types\/post"}],"author":[{"embeddable":true,"href":"https:\/\/soyrojinegro.com\/web\/wp-json\/wp\/v2\/users\/1"}],"replies":[{"embeddable":true,"href":"https:\/\/soyrojinegro.com\/web\/wp-json\/wp\/v2\/comments?post=5521"}],"version-history":[{"count":0,"href":"https:\/\/soyrojinegro.com\/web\/wp-json\/wp\/v2\/posts\/5521\/revisions"}],"wp:featuredmedia":[{"embeddable":true,"href":"https:\/\/soyrojinegro.com\/web\/wp-json\/"}],"wp:attachment":[{"href":"https:\/\/soyrojinegro.com\/web\/wp-json\/wp\/v2\/media?parent=5521"}],"wp:term":[{"taxonomy":"category","embeddable":true,"href":"https:\/\/soyrojinegro.com\/web\/wp-json\/wp\/v2\/categories?post=5521"},{"taxonomy":"post_tag","embeddable":true,"href":"https:\/\/soyrojinegro.com\/web\/wp-json\/wp\/v2\/tags?post=5521"}],"curies":[{"name":"wp","href":"https:\/\/api.w.org\/{rel}","templated":true}]}}