{"id":5797,"date":"2024-05-19T07:52:40","date_gmt":"2024-05-19T12:52:40","guid":{"rendered":"https:\/\/soyrojinegro.com\/web\/?p=5797"},"modified":"2024-05-19T07:52:40","modified_gmt":"2024-05-19T12:52:40","slug":"y-ahora-quien-podra-ascendernos","status":"publish","type":"post","link":"https:\/\/soyrojinegro.com\/web\/y-ahora-quien-podra-ascendernos\/","title":{"rendered":"\u00bf y ahora qui\u00e9n podr\u00e1 ascendernos?"},"content":{"rendered":"\n<p><strong>Foto cortes\u00eda: Dimayor<\/strong>. La derrota 2&#215;0 frente al Uni\u00f3n deja m\u00e1s dudas que certezas en el inicio del cuadrangular B para el C\u00facuta Deportivo.<\/p>\n\n\n\n<p>El equipo luci\u00f3 confundido, sin ideas ni para defender, ni para atacar, la responsabilidad parec\u00eda caer en un par de jugadores, que el arquero Eduard Esteban sacara su arco en cero, cosa que no fue posible. Lucas R\u00edos para que armara las ideas, pero se excedi\u00f3 en el manejo de la pelota, que en muchas ocasiones termin\u00f3 perdiendo el esf\u00e9rico y causando problemas para los defensas que frente a la ofensiva de Uni\u00f3n rn el primer tiempo perdi\u00f3 los retos y que dio como consecuencia que a los 37 minutos abriera el marcador a trav\u00e9s de Andr\u00e9s Escobar quien entr\u00f3 al \u00e1rea chica y venci\u00f3 al arquero motil\u00f3n, tras un servicio por sector derecho.<\/p>\n\n\n\n<p>Para el segundo tiempo, C\u00facuta entr\u00f3 con br\u00edos, pero termin\u00f3 con escalofr\u00edos porque el entrenador le entreg\u00f3 la pelota y plante\u00f3 la contra como arma para conseguir el aumento del marcador. Reci\u00e9n dado el ingreso de Janeth Alem\u00e1n marc\u00f3 el segundo para liquidar ante una flaca presentaci\u00f3n del equipo que genera un gran interrogante \u00bfqui\u00e9n podr\u00e1 ascendernos? Debe ser este grupo que debe responder al compromiso y responsabilidad junto al entrenador Braynner Garc\u00eda, que pese a ser su primera oportunidad como t\u00e9cnico en el f\u00fatbol colombiano, por liderazgo, por ganas debe responder a esa confianza que se le entreg\u00f3 y que \u00e9l asumi\u00f3 con la intenci\u00f3n de marcar historia.<\/p>\n\n\n\n<figure class=\"wp-block-image size-large\"><a href=\"https:\/\/soyrojinegro.com\/web\/wp-content\/uploads\/2024\/05\/1000337868.jpg\"><img decoding=\"async\" src=\"https:\/\/soyrojinegro.com\/web\/wp-content\/uploads\/2024\/05\/1000337868-1024x1024.jpg\" alt=\"\" class=\"wp-image-5800\"\/><\/a><figcaption class=\"wp-element-caption\"><strong>Foto cortes\u00eda: Dimayor<\/strong><\/figcaption><\/figure>\n\n\n\n<p><strong>Ficha t\u00e9cnica:<\/strong><\/p>\n\n\n\n<p><strong>Uni\u00f3n Magdalena: &nbsp;<\/strong>Johan Wallens; Daniel Mera, Andr\u00e9s Correa, Jaime Giraldo, Juan Tello; Agostino Spina, Juan Giraldo (Gabriel Arrieta, 82\u2019); Jannenson Sarmiento (J. Pinto, 68\u2019), Cristian Senci\u00f3n (Dilan Ortiz, 76\u2019), Andr\u00e9s Escobar (J. Alem\u00e1n, 68\u2019); Andr\u00e9s Carre\u00f1o (Roberto Vanegas, 82\u2019).&nbsp;<\/p>\n\n\n\n<p><strong>Gol:&nbsp;<\/strong>Andr\u00e9s Escobar (37\u2019) y Janeth Alem\u00e1n (72\u2019).&nbsp;<\/p>\n\n\n\n<p><strong>DT:<\/strong>&nbsp;<strong>\u00c1lvaro Hern\u00e1ndez.&nbsp;<\/strong><\/p>\n\n\n\n<p><strong>Estadio:<\/strong>&nbsp;Sierra Nevada (Santa Marta).<\/p>\n\n\n\n<p><\/p>\n\n\n\n<p><strong>C\u00facuta Deportivo:<\/strong>&nbsp;Eduar Esteban; Santiago Guzm\u00e1n, Kevin Moreno, Bayron Suaza, Mauricio Duarte; Harlin Su\u00e1rez (Cristian \u00c1lvarez, 67\u2019), William Parra; Cristian Mosquera (Jefry Zapata, 59\u2019), Lucas R\u00edos (Jonathan Tapias, 79\u2019), Juli\u00e1n Angulo (Luis Z\u00fa\u00f1iga, 67\u2019); Valent\u00edn Robaldo (Jhonathan Agudelo, 59\u2019).&nbsp;<\/p>\n\n\n\n<p><strong>DT:&nbsp;Braynner Garc\u00eda.&nbsp;<\/strong><\/p>\n","protected":false},"excerpt":{"rendered":"<p>Foto cortes\u00eda: Dimayor. La derrota 2&#215;0 frente al Uni\u00f3n deja m\u00e1s dudas que certezas en el inicio del cuadrangular B para el C\u00facuta Deportivo. El equipo luci\u00f3 confundido, sin ideas ni para defender, ni para atacar, la responsabilidad parec\u00eda caer en un par de jugadores, que el arquero Eduard Esteban sacara su arco en cero, [&hellip;]<\/p>\n","protected":false},"author":1,"featured_media":5798,"comment_status":"closed","ping_status":"open","sticky":false,"template":"","format":"standard","meta":{"footnotes":""},"categories":[9,2,3,6,65],"tags":[620,258,34,23,687,289],"class_list":["post-5797","post","type-post","status-publish","format-standard","has-post-thumbnail","hentry","category-copa-aguila","category-cucuta-deportivo","category-noticias","category-torneo-aguila","category-torneo","tag-ascenso","tag-colombia","tag-cuadrangulares","tag-cucuta-deportivo-2","tag-torneo-betplay2024-i","tag-union-magdalena"],"_links":{"self":[{"href":"https:\/\/soyrojinegro.com\/web\/wp-json\/wp\/v2\/posts\/5797","targetHints":{"allow":["GET"]}}],"collection":[{"href":"https:\/\/soyrojinegro.com\/web\/wp-json\/wp\/v2\/posts"}],"about":[{"href":"https:\/\/soyrojinegro.com\/web\/wp-json\/wp\/v2\/types\/post"}],"author":[{"embeddable":true,"href":"https:\/\/soyrojinegro.com\/web\/wp-json\/wp\/v2\/users\/1"}],"replies":[{"embeddable":true,"href":"https:\/\/soyrojinegro.com\/web\/wp-json\/wp\/v2\/comments?post=5797"}],"version-history":[{"count":0,"href":"https:\/\/soyrojinegro.com\/web\/wp-json\/wp\/v2\/posts\/5797\/revisions"}],"wp:featuredmedia":[{"embeddable":true,"href":"https:\/\/soyrojinegro.com\/web\/wp-json\/"}],"wp:attachment":[{"href":"https:\/\/soyrojinegro.com\/web\/wp-json\/wp\/v2\/media?parent=5797"}],"wp:term":[{"taxonomy":"category","embeddable":true,"href":"https:\/\/soyrojinegro.com\/web\/wp-json\/wp\/v2\/categories?post=5797"},{"taxonomy":"post_tag","embeddable":true,"href":"https:\/\/soyrojinegro.com\/web\/wp-json\/wp\/v2\/tags?post=5797"}],"curies":[{"name":"wp","href":"https:\/\/api.w.org\/{rel}","templated":true}]}}