{"id":763,"date":"2014-07-23T17:05:56","date_gmt":"2014-07-23T22:05:56","guid":{"rendered":"http:\/\/soyrojinegro.com\/web\/?p=763"},"modified":"2014-07-23T17:05:56","modified_gmt":"2014-07-23T22:05:56","slug":"en-copa-postobon-por-el-liderato","status":"publish","type":"post","link":"https:\/\/soyrojinegro.com\/web\/en-copa-postobon-por-el-liderato\/","title":{"rendered":"En Copa Postob\u00f3n por el liderato"},"content":{"rendered":"<p>Frente a Patriotas el equipo rojinegro quiere seguir la senda victoriosa y apuntarse la cuarta en l\u00ednea.<\/p>\n<p>El C\u00facuta Deportivo con 9 puntos quiere seguir sumando de a tres en la Copa Postob\u00f3n que d\u00e1 un cupo para la Copa Sudamericana, el equipo motil\u00f3n sum\u00f3 tres victorias como visitante frente a Real Santander, Alianza Petrolera y Atl\u00e9tico Bucaramanga, ahora espera recomponer el camino como local porque en el primer partido frente a Chic\u00f3 perdi\u00f3 1&#215;0 y desperdici\u00f3 un tiro desde el punto penal sobre el final del partido.<\/p>\n<p>Adicional a los buenos resultados en la Copa Postob\u00f3n el Lunes pasado el equipo motil\u00f3n tambi\u00e9n obtuvo un importante triunfo y sobre todo un triunfo muy motivador pues se logr\u00f3 la victoria en el tiempo de descuento y sobretodo que fu\u00e9 un gol Ol\u00edmpico.<\/p>\n<p>Se espera hasta el dia de ma\u00f1ana para ver si se pueden convocar los \u00faltimos dos jugadores que se integraron al equipo rojinegro, Juan Camilo Angulo y Juan Garc\u00eda.<\/p>\n<p>Juan Garc\u00eda, naci\u00f3 \u00a0el\u00a0 primero de febrero de 1991 en Puerto Ordaz. Inici\u00f3 su carrera deportiva en Deportivo Anzo\u00e1tegui, 2007, posteriormente se vincul\u00f3 a Mineros de Guayana, Atl\u00e9tico Venezuela y en primer semestre de este a\u00f1o jug\u00f3 en Tucanes de Amazonas.<\/p>\n<p>Los convocados para el partido son los siguientes jugadores:<\/p>\n<p>Arqueros: Sergio Avellaneda, Wilder Mosquera<\/p>\n<p>Defensas: Darwin Carrero, Pablo Escobar, Luis Vergara, Julio Ortiz,\u00a0\u00a0 Diego Espinel.<\/p>\n<p>Mediocampistas: Edwin del Castillo, Stiven Pretel,\u00a0 Alexis Ossa, Baldomero Perlaza, Mauricio Mar\u00edn,\u00a0 y Jhon Ulloque,<\/p>\n<p>Delanteros: Jos\u00e9 Lloreda,\u00a0 Jonathan Palacios,Miguel P\u00e9rez,<\/p>\n","protected":false},"excerpt":{"rendered":"<p>Frente a Patriotas el equipo rojinegro quiere seguir la senda victoriosa y apuntarse la cuarta en l\u00ednea. El C\u00facuta Deportivo con 9 puntos quiere seguir sumando de a tres en la Copa Postob\u00f3n que d\u00e1 un cupo para la Copa Sudamericana, el equipo motil\u00f3n sum\u00f3 tres victorias como visitante frente a Real Santander, Alianza Petrolera [&hellip;]<\/p>\n","protected":false},"author":1,"featured_media":764,"comment_status":"closed","ping_status":"closed","sticky":false,"template":"","format":"standard","meta":{"footnotes":""},"categories":[9],"tags":[],"class_list":["post-763","post","type-post","status-publish","format-standard","has-post-thumbnail","hentry","category-copa-aguila"],"_links":{"self":[{"href":"https:\/\/soyrojinegro.com\/web\/wp-json\/wp\/v2\/posts\/763","targetHints":{"allow":["GET"]}}],"collection":[{"href":"https:\/\/soyrojinegro.com\/web\/wp-json\/wp\/v2\/posts"}],"about":[{"href":"https:\/\/soyrojinegro.com\/web\/wp-json\/wp\/v2\/types\/post"}],"author":[{"embeddable":true,"href":"https:\/\/soyrojinegro.com\/web\/wp-json\/wp\/v2\/users\/1"}],"replies":[{"embeddable":true,"href":"https:\/\/soyrojinegro.com\/web\/wp-json\/wp\/v2\/comments?post=763"}],"version-history":[{"count":0,"href":"https:\/\/soyrojinegro.com\/web\/wp-json\/wp\/v2\/posts\/763\/revisions"}],"wp:featuredmedia":[{"embeddable":true,"href":"https:\/\/soyrojinegro.com\/web\/wp-json\/"}],"wp:attachment":[{"href":"https:\/\/soyrojinegro.com\/web\/wp-json\/wp\/v2\/media?parent=763"}],"wp:term":[{"taxonomy":"category","embeddable":true,"href":"https:\/\/soyrojinegro.com\/web\/wp-json\/wp\/v2\/categories?post=763"},{"taxonomy":"post_tag","embeddable":true,"href":"https:\/\/soyrojinegro.com\/web\/wp-json\/wp\/v2\/tags?post=763"}],"curies":[{"name":"wp","href":"https:\/\/api.w.org\/{rel}","templated":true}]}}