{"id":8141,"date":"2025-04-25T15:11:01","date_gmt":"2025-04-25T20:11:01","guid":{"rendered":"https:\/\/soyrojinegro.com\/web\/?p=8141"},"modified":"2025-04-25T15:11:01","modified_gmt":"2025-04-25T20:11:01","slug":"nuestra-apuesta-es-por-el-aguante","status":"publish","type":"post","link":"https:\/\/soyrojinegro.com\/web\/nuestra-apuesta-es-por-el-aguante\/","title":{"rendered":"Nuestra apuesta es por el aguante"},"content":{"rendered":"\n<p>Nacimos en una tierra donde las crisis son diarias, por \u00e9pocas, en C\u00facuta hay bonazas comerciales, como olvidar el bol\u00edvar a 16 pesos, donde ten\u00edamos miles de visitantes de nuestro vecino pa\u00eds comprando mercancias sin mirar el costo, recuerdo una frase que se hizo cotidiana, &#8220;dame dos&#8221;, pero tambi\u00e9n vinieron las vacas &#8220;flacas&#8221; esa burbuja se estall\u00f3 y el bol\u00edvar qued\u00f3 a 8 pesos, corr\u00edan los a\u00f1os 80, y entonces la ciudad cay\u00f3 en ventas y volvi\u00f3 la crisis, bueno esto no es ajeno al f\u00fatbol de la regi\u00f3n y en caso especial con el C\u00facuta Deportivo.<\/p>\n\n\n\n<p>Como olvidar y para no ir tan lejos, el 2005, ascenso a Primera Divisi\u00f3n, a\u00f1o 2006, Campe\u00f3n y primera estrella en la Liga, a\u00f1os 2007, semifinales de Copa Libertadores, 2008, otra vez Copa Libertadores y despu\u00e9s venta del equipo, cambio de due\u00f1o en 2013, descenso, otra decpeci\u00f3n para la fanaticad.<\/p>\n\n\n\n<p>2018 regreso a la A, con una campa\u00f1a extrarodinaria, pero eso tan bueno no dura, a\u00f1o 2020, liquidaci\u00f3n del equipo y desaparici\u00f3n de la faz del f\u00fatbol colombiano, pero luego de m\u00faltiples jugadas en Supersociedades, en el a\u00f1o 2022 consigue salir de la liquidaci\u00f3n y tras un acuerdo de reorganizaci\u00f3n, as\u00ed que la Dimayor vuelve a aceptar al equipo que regresa a jugar, pero en el Torneo de la B, en el segundo semestre de 2022 y desde ah\u00ed el equipo se la ha pasado que le falta el cinco para el peso para poder ascender y qui\u00e9nes han estado siempre a su lado, nosotros, los hinchas, que no nos ha importado quien maneja el equipo, si Germ\u00e1n Guerrero, si Ricardo \u00c1lvarez, si \u00c1lvaro V\u00e9lez Trilloz, si Ramiro Su\u00e1rez, si Jose Augusto Cadena, s\u00f3lo por mencionar algunos directivos, la afici\u00f3n siempre le ha apostado por el aguante.<\/p>\n\n\n\n<figure class=\"wp-block-gallery has-nested-images columns-default is-cropped wp-block-gallery-1 is-layout-flex wp-block-gallery-is-layout-flex\">\n<figure class=\"wp-block-image size-large\"><img fetchpriority=\"high\" decoding=\"async\" width=\"1024\" height=\"597\" data-id=\"8142\" src=\"https:\/\/soyrojinegro.com\/web\/wp-content\/uploads\/2025\/04\/WhatsApp-Image-2021-06-21-at-16.49.35-copia-1024x597.jpeg\" alt=\"\" class=\"wp-image-8142\" srcset=\"https:\/\/soyrojinegro.com\/web\/wp-content\/uploads\/2025\/04\/WhatsApp-Image-2021-06-21-at-16.49.35-copia-1024x597.jpeg 1024w, https:\/\/soyrojinegro.com\/web\/wp-content\/uploads\/2025\/04\/WhatsApp-Image-2021-06-21-at-16.49.35-copia-300x175.jpeg 300w, https:\/\/soyrojinegro.com\/web\/wp-content\/uploads\/2025\/04\/WhatsApp-Image-2021-06-21-at-16.49.35-copia-768x448.jpeg 768w, https:\/\/soyrojinegro.com\/web\/wp-content\/uploads\/2025\/04\/WhatsApp-Image-2021-06-21-at-16.49.35-copia.jpeg 1272w\" sizes=\"(max-width: 1024px) 100vw, 1024px\" \/><\/figure>\n<\/figure>\n\n\n\n<p>Desde la \u00e9poca de los hinchas &#8220;mamadores de gallo&#8221;, de las barras, &#8220;los Sinverguenzas de siempre&#8221;, la Barra, &#8220;Los Toches&#8221; hasta la Banda del Indio y los que no son tan asociados que van a buscar una diversi\u00f3n, o deshaogo, pagando una boleto, un bono o comprando incluso las famosas boletas de cortes\u00eda, el hincha siempre ha estado ah\u00ed y estar\u00e1 ah\u00ed, as\u00ed somos nosotros, los creadores de esta p\u00e1gina, que todas las dificultades del mundo, le hemos apostado al aguante, sufrimos, lloramos, reimos, nos divertimos y nos decepcionamos, pero aqu\u00ed estamos presentando una nueva imagen de La Web Pasi\u00f3n del Hincha Motil\u00f3n, WWW.SOYROJINEGRO.COM esperando que sea otro inicio y que ayudemos a empujar ese carro medio varado que se llama C\u00facuta Deportivo y que queremos ver lleno de gloria, como una empresa prospera y que nos represente a esta regi\u00f3n que siempre est\u00e1 luchando por sobrevivir en paz y buscando mejores oportunidades.<\/p>\n\n\n\n<p>Bienvenidos todos a www.soyrojinegro.com <\/p>\n\n\n\n<p><\/p>\n","protected":false},"excerpt":{"rendered":"<p>Nacimos en una tierra donde las crisis son diarias, por \u00e9pocas, en C\u00facuta hay bonazas comerciales, como olvidar el bol\u00edvar a 16 pesos, donde ten\u00edamos miles de visitantes de nuestro vecino pa\u00eds comprando mercancias sin mirar el costo, recuerdo una frase que se hizo cotidiana, &#8220;dame dos&#8221;, pero tambi\u00e9n vinieron las vacas &#8220;flacas&#8221; esa burbuja [&hellip;]<\/p>\n","protected":false},"author":2,"featured_media":0,"comment_status":"open","ping_status":"open","sticky":false,"template":"","format":"standard","meta":{"footnotes":""},"categories":[3,88],"tags":[746,258,23,745],"class_list":["post-8141","post","type-post","status-publish","format-standard","hentry","category-noticias","category-opinion","tag-aguante","tag-colombia","tag-cucuta-deportivo-2","tag-soyrojinegro-com"],"_links":{"self":[{"href":"https:\/\/soyrojinegro.com\/web\/wp-json\/wp\/v2\/posts\/8141","targetHints":{"allow":["GET"]}}],"collection":[{"href":"https:\/\/soyrojinegro.com\/web\/wp-json\/wp\/v2\/posts"}],"about":[{"href":"https:\/\/soyrojinegro.com\/web\/wp-json\/wp\/v2\/types\/post"}],"author":[{"embeddable":true,"href":"https:\/\/soyrojinegro.com\/web\/wp-json\/wp\/v2\/users\/2"}],"replies":[{"embeddable":true,"href":"https:\/\/soyrojinegro.com\/web\/wp-json\/wp\/v2\/comments?post=8141"}],"version-history":[{"count":1,"href":"https:\/\/soyrojinegro.com\/web\/wp-json\/wp\/v2\/posts\/8141\/revisions"}],"predecessor-version":[{"id":8143,"href":"https:\/\/soyrojinegro.com\/web\/wp-json\/wp\/v2\/posts\/8141\/revisions\/8143"}],"wp:attachment":[{"href":"https:\/\/soyrojinegro.com\/web\/wp-json\/wp\/v2\/media?parent=8141"}],"wp:term":[{"taxonomy":"category","embeddable":true,"href":"https:\/\/soyrojinegro.com\/web\/wp-json\/wp\/v2\/categories?post=8141"},{"taxonomy":"post_tag","embeddable":true,"href":"https:\/\/soyrojinegro.com\/web\/wp-json\/wp\/v2\/tags?post=8141"}],"curies":[{"name":"wp","href":"https:\/\/api.w.org\/{rel}","templated":true}]}}