{"id":8230,"date":"2025-05-06T18:27:44","date_gmt":"2025-05-06T23:27:44","guid":{"rendered":"https:\/\/soyrojinegro.com\/web\/?p=8230"},"modified":"2025-05-12T15:45:40","modified_gmt":"2025-05-12T20:45:40","slug":"victoria-y-liderato-del-torneo-de-ascenso","status":"publish","type":"post","link":"https:\/\/soyrojinegro.com\/web\/victoria-y-liderato-del-torneo-de-ascenso\/","title":{"rendered":"Victoria y liderato del Torneo de Ascenso"},"content":{"rendered":"\n<p>C\u00facuta Deportivo derrot\u00f3 a Real Santander y es nuevo l\u00edder de la B<\/p>\n\n\n\n<p>El equipo motil\u00f3n venci\u00f3 2-1 al conjunto santandereano con goles de Juli\u00e1n Anaya y Michel Ramos.<\/p>\n\n\n\n<p>C\u00facuta Deportivo es el nuevo l\u00edder del torneo de ascenso. Con el triunfo de este martes complet\u00f3 cinco victorias consecutivas, lleg\u00f3 a 32 puntos y desplaz\u00f3 a Patriotas, que luego de caer en Neiva, 1-0 vs. Huila, se qued\u00f3 con 30 puntos.<\/p>\n\n\n\n<p>Eso s\u00ed, el primer tiempo de los cucute\u00f1os no fue el mejor. El desempe\u00f1o individual no gener\u00f3 diferencia y, por tanto, el juego colectivo se vio con baches, sin continuidad ni desequilibrio. Las ausencias del argentino Cristian \u00c1lvarez, por tercer juego consecutivo, de Mat\u00edas Pisano y de Palacios, se notaron.<\/p>\n\n\n\n<p>Por su parte, Real Santander mostr\u00f3 orden en el campo y aprovech\u00f3 una llegada ofensiva en donde Juan Sol\u00eds, al minuto 31, puso el marcador 0-1. Pero no todo fue alegr\u00eda para el visitante ya que, finalizando la primera parte, el \u00e1rbitro expuls\u00f3 a Sol\u00eds y ah\u00ed, el equipo visitante sufri\u00f3 por la desventaja num\u00e9rica.<\/p>\n\n\n\n<p>En el segundo tiempo, el t\u00e9cnico Bernardo Red\u00edn realiz\u00f3 cambios: ingres\u00f3 Dayan P\u00e9rez, jugador de las divisiones menores, con el fin de darle mayor din\u00e1mica en el juego colectivo. Al minuto 5 fue el defensa Juli\u00e1n Anaya, quien logr\u00f3 la igualdad y cuando el partido parec\u00eda finalizar con empate fue el delantero Michell Ramos, quien decret\u00f3 el segundo gol para sellar la victoria motilona.<\/p>\n\n\n\n<figure class=\"wp-block-image size-large\"><img fetchpriority=\"high\" decoding=\"async\" width=\"768\" height=\"1024\" src=\"https:\/\/soyrojinegro.com\/web\/wp-content\/uploads\/2025\/05\/WhatsApp-Image-2025-05-06-at-6.24.01-PM-768x1024.jpeg\" alt=\"\" class=\"wp-image-8233\" srcset=\"https:\/\/soyrojinegro.com\/web\/wp-content\/uploads\/2025\/05\/WhatsApp-Image-2025-05-06-at-6.24.01-PM-768x1024.jpeg 768w, https:\/\/soyrojinegro.com\/web\/wp-content\/uploads\/2025\/05\/WhatsApp-Image-2025-05-06-at-6.24.01-PM-225x300.jpeg 225w, https:\/\/soyrojinegro.com\/web\/wp-content\/uploads\/2025\/05\/WhatsApp-Image-2025-05-06-at-6.24.01-PM-1152x1536.jpeg 1152w, https:\/\/soyrojinegro.com\/web\/wp-content\/uploads\/2025\/05\/WhatsApp-Image-2025-05-06-at-6.24.01-PM.jpeg 1200w\" sizes=\"(max-width: 768px) 100vw, 768px\" \/><\/figure>\n\n\n\n<p>                                                           <strong>Cortes\u00eda: C\u00facuta Deportivo<\/strong><\/p>\n\n\n\n<p>Red\u00edn hoy realiz\u00f3 varios cambios con respecto al equipo que habitualmente es titular y aunque el juego no fue el mejor, el resultado respalda su decisi\u00f3n, quiz\u00e1s para darle descanso al primer equipo ya que el pr\u00f3ximo domingo, a las 4 de la tarde, recibir\u00e1 a Real Cartagena.<\/p>\n\n\n\n<p>Adem\u00e1s, el entrenador hizo debutar a Hassler Beltr\u00e1n y Dayan P\u00e9rez.<\/p>\n\n\n\n<p>C\u00facuta es el nuevo l\u00edder de la B cuando quedan dos fechas de la fase clasificatoria, donde C\u00facuta recibir\u00e1 a Cartagena y visitar\u00e1 a Orsomarso.<\/p>\n\n\n\n<p>Dato: De los \u00faltimos 12 partidos de C\u00facuta, gan\u00f3 diez, empat\u00f3 uno y perdi\u00f3 uno.<\/p>\n\n\n\n<p>Redacci\u00f3n www.soyrojinegro.com<\/p>\n","protected":false},"excerpt":{"rendered":"<p>C\u00facuta Deportivo llega al liderato del Torneo Betplay 2025<\/p>\n","protected":false},"author":2,"featured_media":8231,"comment_status":"open","ping_status":"open","sticky":false,"template":"","format":"standard","meta":{"footnotes":""},"categories":[2,3,733],"tags":[],"class_list":["post-8230","post","type-post","status-publish","format-standard","has-post-thumbnail","hentry","category-cucuta-deportivo","category-noticias","category-torneo-2025"],"_links":{"self":[{"href":"https:\/\/soyrojinegro.com\/web\/wp-json\/wp\/v2\/posts\/8230","targetHints":{"allow":["GET"]}}],"collection":[{"href":"https:\/\/soyrojinegro.com\/web\/wp-json\/wp\/v2\/posts"}],"about":[{"href":"https:\/\/soyrojinegro.com\/web\/wp-json\/wp\/v2\/types\/post"}],"author":[{"embeddable":true,"href":"https:\/\/soyrojinegro.com\/web\/wp-json\/wp\/v2\/users\/2"}],"replies":[{"embeddable":true,"href":"https:\/\/soyrojinegro.com\/web\/wp-json\/wp\/v2\/comments?post=8230"}],"version-history":[{"count":2,"href":"https:\/\/soyrojinegro.com\/web\/wp-json\/wp\/v2\/posts\/8230\/revisions"}],"predecessor-version":[{"id":8235,"href":"https:\/\/soyrojinegro.com\/web\/wp-json\/wp\/v2\/posts\/8230\/revisions\/8235"}],"wp:featuredmedia":[{"embeddable":true,"href":"https:\/\/soyrojinegro.com\/web\/wp-json\/wp\/v2\/media\/8231"}],"wp:attachment":[{"href":"https:\/\/soyrojinegro.com\/web\/wp-json\/wp\/v2\/media?parent=8230"}],"wp:term":[{"taxonomy":"category","embeddable":true,"href":"https:\/\/soyrojinegro.com\/web\/wp-json\/wp\/v2\/categories?post=8230"},{"taxonomy":"post_tag","embeddable":true,"href":"https:\/\/soyrojinegro.com\/web\/wp-json\/wp\/v2\/tags?post=8230"}],"curies":[{"name":"wp","href":"https:\/\/api.w.org\/{rel}","templated":true}]}}