{"id":8381,"date":"2025-07-14T19:28:06","date_gmt":"2025-07-15T00:28:06","guid":{"rendered":"https:\/\/soyrojinegro.com\/web\/?p=8381"},"modified":"2025-07-14T19:28:06","modified_gmt":"2025-07-15T00:28:06","slug":"atletico-nacional-en-la-mira-del-motilon","status":"publish","type":"post","link":"https:\/\/soyrojinegro.com\/web\/atletico-nacional-en-la-mira-del-motilon\/","title":{"rendered":"Atl\u00e9tico Nacional en la mira del Motil\u00f3n"},"content":{"rendered":"\n<p><strong>C\u00facuta Deportivo ya tiene fechas para enfrentar a Nacional por Copa Colombia<br><\/strong><br>Los dos equipos no se enfrentan desde 2019.<\/p>\n\n\n\n<p>La Dimayor dio a conocer las fechas para la serie entre motilones y antioque\u00f1os por Copa Colombia. El juego de ida, en Medell\u00edn, se llevar\u00e1 a cabo el martes 29 de julio a las 6:00 p.m.<\/p>\n\n\n\n<figure class=\"wp-block-gallery has-nested-images columns-default is-cropped wp-block-gallery-1 is-layout-flex wp-block-gallery-is-layout-flex\">\n<figure class=\"wp-block-image size-large\"><img fetchpriority=\"high\" decoding=\"async\" width=\"715\" height=\"1024\" data-id=\"8382\" src=\"https:\/\/soyrojinegro.com\/web\/wp-content\/uploads\/2025\/07\/WhatsApp-Image-2025-07-14-at-7.15.57-PM-1-715x1024.jpeg\" alt=\"\" class=\"wp-image-8382\" srcset=\"https:\/\/soyrojinegro.com\/web\/wp-content\/uploads\/2025\/07\/WhatsApp-Image-2025-07-14-at-7.15.57-PM-1-715x1024.jpeg 715w, https:\/\/soyrojinegro.com\/web\/wp-content\/uploads\/2025\/07\/WhatsApp-Image-2025-07-14-at-7.15.57-PM-1-209x300.jpeg 209w, https:\/\/soyrojinegro.com\/web\/wp-content\/uploads\/2025\/07\/WhatsApp-Image-2025-07-14-at-7.15.57-PM-1-768x1100.jpeg 768w, https:\/\/soyrojinegro.com\/web\/wp-content\/uploads\/2025\/07\/WhatsApp-Image-2025-07-14-at-7.15.57-PM-1-1072x1536.jpeg 1072w, https:\/\/soyrojinegro.com\/web\/wp-content\/uploads\/2025\/07\/WhatsApp-Image-2025-07-14-at-7.15.57-PM-1.jpeg 1117w\" sizes=\"(max-width: 715px) 100vw, 715px\" \/><\/figure>\n<\/figure>\n\n\n\n<p>Por su parte, el compromiso de vuelta y definitivo se jugar\u00e1 en el estadio General Santander, una semana despu\u00e9s, el martes 5 de agosto, 4:20 p.m.C\u00facuta Deportivo buscar\u00e1 repetir la participaci\u00f3n de 2023, cuando lleg\u00f3 a semifinales de Copa Colombia y fue eliminado en una serie muy pareja por Millonarios, que meses despu\u00e9s se coron\u00f3 campe\u00f3n.<\/p>\n\n\n\n<p>Redacci\u00f3n Soyrojinegro.com<\/p>\n\n\n\n<p><\/p>\n","protected":false},"excerpt":{"rendered":"<p>C\u00facuta Deportivo ya tiene en la mira a Atl\u00e9tico Nacional en el doble duelo que disputar\u00e1 en la Copa Betplay. Conozca las fechas<\/p>\n","protected":false},"author":1,"featured_media":8383,"comment_status":"open","ping_status":"open","sticky":false,"template":"","format":"standard","meta":{"footnotes":""},"categories":[9,703,3],"tags":[157,258,569,23],"class_list":["post-8381","post","type-post","status-publish","format-standard","has-post-thumbnail","hentry","category-copa-aguila","category-copa-betplay","category-noticias","tag-atletico-nacional","tag-colombia","tag-copa-betplay","tag-cucuta-deportivo-2"],"_links":{"self":[{"href":"https:\/\/soyrojinegro.com\/web\/wp-json\/wp\/v2\/posts\/8381","targetHints":{"allow":["GET"]}}],"collection":[{"href":"https:\/\/soyrojinegro.com\/web\/wp-json\/wp\/v2\/posts"}],"about":[{"href":"https:\/\/soyrojinegro.com\/web\/wp-json\/wp\/v2\/types\/post"}],"author":[{"embeddable":true,"href":"https:\/\/soyrojinegro.com\/web\/wp-json\/wp\/v2\/users\/1"}],"replies":[{"embeddable":true,"href":"https:\/\/soyrojinegro.com\/web\/wp-json\/wp\/v2\/comments?post=8381"}],"version-history":[{"count":1,"href":"https:\/\/soyrojinegro.com\/web\/wp-json\/wp\/v2\/posts\/8381\/revisions"}],"predecessor-version":[{"id":8384,"href":"https:\/\/soyrojinegro.com\/web\/wp-json\/wp\/v2\/posts\/8381\/revisions\/8384"}],"wp:featuredmedia":[{"embeddable":true,"href":"https:\/\/soyrojinegro.com\/web\/wp-json\/wp\/v2\/media\/8383"}],"wp:attachment":[{"href":"https:\/\/soyrojinegro.com\/web\/wp-json\/wp\/v2\/media?parent=8381"}],"wp:term":[{"taxonomy":"category","embeddable":true,"href":"https:\/\/soyrojinegro.com\/web\/wp-json\/wp\/v2\/categories?post=8381"},{"taxonomy":"post_tag","embeddable":true,"href":"https:\/\/soyrojinegro.com\/web\/wp-json\/wp\/v2\/tags?post=8381"}],"curies":[{"name":"wp","href":"https:\/\/api.w.org\/{rel}","templated":true}]}}