{"id":8456,"date":"2025-09-16T07:40:41","date_gmt":"2025-09-16T12:40:41","guid":{"rendered":"https:\/\/soyrojinegro.com\/web\/?p=8456"},"modified":"2025-09-16T10:12:24","modified_gmt":"2025-09-16T15:12:24","slug":"cucuta-deportivo-remonto-en-el-romelio","status":"publish","type":"post","link":"https:\/\/soyrojinegro.com\/web\/cucuta-deportivo-remonto-en-el-romelio\/","title":{"rendered":"C\u00facuta Deportivo remont\u00f3 en el Romelio"},"content":{"rendered":"\n<p>Empez\u00f3 perdiendo y termin\u00f3 ganando 2&#215;1 al Barranquilla F.C. en un partido intenso por la entrega del joven equipo que pertenece a la familia Char.<\/p>\n\n\n\n<p>Los locales con una buen disposici\u00f3n t\u00e1ctica se fueron arriba muy temorano en el marcador a trav\u00e9s de Cristian Pe\u00f1ate en el que se evidenci\u00f3 dudas en landefensa motilona que luego ajust\u00f3 l\u00edneas y ya no permiti\u00f3 m\u00e1s anotaciones en su contra en el arco que defendi\u00f3 Ramiro.S\u00e1nchez.<\/p>\n\n\n\n<p>El empate motil\u00f3n lleg\u00f3 por intermedio de Johnatan Agudelo, el goleador en el \u00e1rea aprovech\u00f3 su condici\u00f3n y tras centro que vino por el sector derecho realiz\u00f3 un buen gesto t\u00e9cnico para anotar el 1&#215;1.<\/p>\n\n\n\n<figure class=\"wp-block-image size-large is-resized\"><img fetchpriority=\"high\" decoding=\"async\" width=\"826\" height=\"1024\" src=\"https:\/\/soyrojinegro.com\/web\/wp-content\/uploads\/2025\/09\/20250915_225707-826x1024.jpg\" alt=\"\" class=\"wp-image-8457\" style=\"width:366px;height:auto\" srcset=\"https:\/\/soyrojinegro.com\/web\/wp-content\/uploads\/2025\/09\/20250915_225707-826x1024.jpg 826w, https:\/\/soyrojinegro.com\/web\/wp-content\/uploads\/2025\/09\/20250915_225707-242x300.jpg 242w, https:\/\/soyrojinegro.com\/web\/wp-content\/uploads\/2025\/09\/20250915_225707-768x952.jpg 768w, https:\/\/soyrojinegro.com\/web\/wp-content\/uploads\/2025\/09\/20250915_225707-1239x1536.jpg 1239w, https:\/\/soyrojinegro.com\/web\/wp-content\/uploads\/2025\/09\/20250915_225707.jpg 1652w\" sizes=\"(max-width: 826px) 100vw, 826px\" \/><\/figure>\n\n\n\n<p>Luego en el segundo tiempo, despu\u00e9s de varios intentos, el gol de la victoria lo consigui\u00f3 Ceballos, en otra bonita acci\u00f3n para que de esta manera, C\u00facuta sume 7 puntos de 9 posibles desde la llegada del profesor Nelson Fl\u00f3rez, que de a poco le pone su idea a sus dirigidos que deber\u00e1n enfrentar en el pr\u00f3ximo juego frente a Jaguares L\u00edder del Torneo y que le lleva 8 puntos de ventaja al equipo motil\u00f3n.<\/p>\n\n\n\n<figure class=\"wp-block-image size-large is-resized\"><img decoding=\"async\" width=\"1024\" height=\"644\" src=\"https:\/\/soyrojinegro.com\/web\/wp-content\/uploads\/2025\/09\/WhatsApp-Image-2025-09-16-at-10.11.22-AM-1024x644.jpeg\" alt=\"\" class=\"wp-image-8467\" style=\"width:636px;height:auto\" srcset=\"https:\/\/soyrojinegro.com\/web\/wp-content\/uploads\/2025\/09\/WhatsApp-Image-2025-09-16-at-10.11.22-AM-1024x644.jpeg 1024w, https:\/\/soyrojinegro.com\/web\/wp-content\/uploads\/2025\/09\/WhatsApp-Image-2025-09-16-at-10.11.22-AM-300x189.jpeg 300w, https:\/\/soyrojinegro.com\/web\/wp-content\/uploads\/2025\/09\/WhatsApp-Image-2025-09-16-at-10.11.22-AM-768x483.jpeg 768w, https:\/\/soyrojinegro.com\/web\/wp-content\/uploads\/2025\/09\/WhatsApp-Image-2025-09-16-at-10.11.22-AM-1536x966.jpeg 1536w, https:\/\/soyrojinegro.com\/web\/wp-content\/uploads\/2025\/09\/WhatsApp-Image-2025-09-16-at-10.11.22-AM.jpeg 1600w\" sizes=\"(max-width: 1024px) 100vw, 1024px\" \/><\/figure>\n","protected":false},"excerpt":{"rendered":"<p>C\u00facuta Deportivo remont\u00f3 en el Romelio Mart\u00ednez y venci\u00f3 2&#215;1 al Barranquilla F.C. <\/p>\n","protected":false},"author":1,"featured_media":8464,"comment_status":"open","ping_status":"open","sticky":false,"template":"","format":"standard","meta":{"footnotes":""},"categories":[2,3,6,733],"tags":[],"class_list":["post-8456","post","type-post","status-publish","format-standard","has-post-thumbnail","hentry","category-cucuta-deportivo","category-noticias","category-torneo-aguila","category-torneo-2025"],"_links":{"self":[{"href":"https:\/\/soyrojinegro.com\/web\/wp-json\/wp\/v2\/posts\/8456","targetHints":{"allow":["GET"]}}],"collection":[{"href":"https:\/\/soyrojinegro.com\/web\/wp-json\/wp\/v2\/posts"}],"about":[{"href":"https:\/\/soyrojinegro.com\/web\/wp-json\/wp\/v2\/types\/post"}],"author":[{"embeddable":true,"href":"https:\/\/soyrojinegro.com\/web\/wp-json\/wp\/v2\/users\/1"}],"replies":[{"embeddable":true,"href":"https:\/\/soyrojinegro.com\/web\/wp-json\/wp\/v2\/comments?post=8456"}],"version-history":[{"count":6,"href":"https:\/\/soyrojinegro.com\/web\/wp-json\/wp\/v2\/posts\/8456\/revisions"}],"predecessor-version":[{"id":8469,"href":"https:\/\/soyrojinegro.com\/web\/wp-json\/wp\/v2\/posts\/8456\/revisions\/8469"}],"wp:featuredmedia":[{"embeddable":true,"href":"https:\/\/soyrojinegro.com\/web\/wp-json\/wp\/v2\/media\/8464"}],"wp:attachment":[{"href":"https:\/\/soyrojinegro.com\/web\/wp-json\/wp\/v2\/media?parent=8456"}],"wp:term":[{"taxonomy":"category","embeddable":true,"href":"https:\/\/soyrojinegro.com\/web\/wp-json\/wp\/v2\/categories?post=8456"},{"taxonomy":"post_tag","embeddable":true,"href":"https:\/\/soyrojinegro.com\/web\/wp-json\/wp\/v2\/tags?post=8456"}],"curies":[{"name":"wp","href":"https:\/\/api.w.org\/{rel}","templated":true}]}}