{"id":8817,"date":"2025-10-31T22:43:39","date_gmt":"2025-11-01T03:43:39","guid":{"rendered":"https:\/\/soyrojinegro.com\/web\/?p=8817"},"modified":"2025-11-01T06:45:17","modified_gmt":"2025-11-01T11:45:17","slug":"cucuta-deportivo-gano-en-palmira","status":"publish","type":"post","link":"https:\/\/soyrojinegro.com\/web\/cucuta-deportivo-gano-en-palmira\/","title":{"rendered":"\u00a1C\u00facuta Deportivo gan\u00f3 en Palmira!"},"content":{"rendered":"\n<p>Con un gol del argentino Mat\u00edas Pisano a los dos minutos de juego, el equipo motil\u00f3n comenz\u00f3 con victoria su camino en los cuadrangulares de ascenso en el grupo A.<\/p>\n\n\n\n<p>C\u00facuta Deportivo hizo la tarea en Palmira. Sum\u00f3 tres puntos en su debut y ya est\u00e1 primero en la clasificaci\u00f3n de su grupo en lo que fue su primer juego en la recta final del campeonato. Y esa tarea la comenz\u00f3 a realizar C\u00facuta cuando apenas iban dos minutos. El motil\u00f3n elabor\u00f3 un ataque por izquierda con Duarte, R\u00edos recibi\u00f3 el bal\u00f3n en el \u00e1rea, asisti\u00f3 a su compatriota Pisano, quien defini\u00f3 de forma perfecta y sell\u00f3 el 1-0 parcial.<\/p>\n\n\n\n<p>Fueron 20 minutos de dominio motil\u00f3n en los que los dirigidos por Nelson Fl\u00f3rez debieron aumentar el marcador. Hubo llegadas claras con Lucas R\u00edos que ataj\u00f3 incre\u00edblemente Arlet Cadavid y otra que tuvo ser gol sobre el final de esa primera etapa en la que Henry Plazas actu\u00f3 como defensa y debajo del arco mand\u00f3 la pelota por arriba.<\/p>\n\n\n\n<p>Internacional reaccion\u00f3, gener\u00f3 llegadas claras de gol, pero ah\u00ed empez\u00f3 a emerger la figura del arquero Ramiro S\u00e1nchez: el guardavalla, de 42 a\u00f1os, tuvo su mejor presentaci\u00f3n en lo que va del campeonato. Porque no fue una ni dos, fueron cinco atajas de gran nivel y que terminaron siendo la base de esta buena victoria.<\/p>\n\n\n\n<p>En la segunda etapa el partido se hizo de ida y vuelta, con opciones para los dos equipos que hicieron un gran despliegue f\u00edsico y que se vio c\u00f3mo C\u00facuta mantuvo una presi\u00f3n alta y cuando tuvo la pelota en sus pies mostr\u00f3 orden, criterio y precisi\u00f3n.<\/p>\n\n\n\n<p>Al final y ya en cancha con T\u00e1mara, Wilmar Cruz, Jhon Valencia, Calcaterra y Jaime Peralta, los cinco cambios, el motil\u00f3n sum\u00f3 sus primeras tres unidades en la zona A. No estuvo nunca en duda su victoria y con buenas actuaciones individuales edific\u00f3 una victoria que suma no solo desde lo futbol\u00edstico sino tambi\u00e9n desde lo mental: dos elementos claves que tienen s\u00ed o s\u00ed que estar alineados para lograr el objetivo de, primero, avanzar a la final y luego ascender.<\/p>\n\n\n\n<p>En la pr\u00f3xima fecha, C\u00facuta Deportivo visitar\u00e1 a Atl\u00e9tico Huila, mientras que Jaguares, en Monter\u00eda, recibir\u00e1 a Internacional de Palmira.<\/p>\n\n\n\n<p><strong>Por: Leonardo Duque Soto, especial para Soyrojinegro.com<\/strong><\/p>\n\n\n\n<p><strong>Ficha t\u00e9cnica:<\/strong><\/p>\n\n\n\n<p><strong>Internacional de Palmira:<\/strong> Arled Cadavid; Daniel Qui\u00f1\u00f3nez (Junior Mosquera, 61\u2019), Yoiver Gonz\u00e1lez, Yacer Ariza, Fabio Delgado; David Orozco, Harlin Su\u00e1rez, Carlos Franco (D. Z\u00fa\u00f1iga, 74\u2019); Kevin Caicedo (J. Gamboa, 74\u2019), Johan Arango (Dar\u00edo Rodr\u00edguez, 20\u2019- N. Gorgona,74\u2019), Victor Ibarbo.<\/p>\n\n\n\n<p><br><strong>DT: H\u00e9ctor C\u00e1rdenas<\/strong>.<\/p>\n\n\n\n<p><\/p>\n\n\n\n<p><strong>C\u00facuta Deportivo:<\/strong> Ramiro S\u00e1nchez; Luis Hinestroza, Lui Payares (Diego Calcaterra, 89\u2019), Henry Plazas, Mauricio Duarte; Juan Ceballos, Santiago Orozco; Lucas R\u00edos (Jaime Peralta, 89\u2019), Cristian \u00c1lvarez (Sebasti\u00e1n T\u00e1mara, 46\u2019), Eduar Arizalas (Wilmar Cruz, 75\u2019); Mat\u00edas Pisano (Jhon Valencia, 59\u2019).<\/p>\n\n\n\n<p><strong>Gol: Mat\u00edas Pisano (2\u2019)<\/strong><\/p>\n\n\n\n<p><br><strong>DT: Nelson Fl\u00f3rez<\/strong><\/p>\n\n\n\n<p><br><\/p>\n\n\n\n<p><strong>\u00c1rbitro: \u00c1rbitro Camilo Colmenares<br>Asistente Nro. 1: Andr\u00e9s Mart\u00ednez<br>Asistente Nro. 2: Freddy Garc\u00e9s<\/strong><\/p>\n\n\n\n<p><\/p>\n","protected":false},"excerpt":{"rendered":"<p>Con un gol del argentino Mat\u00edas Pisano a los dos minutos de juego, el equipo motil\u00f3n comenz\u00f3 con victoria su camino en los cuadrangulares de ascenso en el grupo A.<\/p>\n","protected":false},"author":3,"featured_media":8818,"comment_status":"open","ping_status":"open","sticky":false,"template":"","format":"standard","meta":{"footnotes":""},"categories":[9,2,3,733],"tags":[620,258,23,697,767,776],"class_list":["post-8817","post","type-post","status-publish","format-standard","has-post-thumbnail","hentry","category-copa-aguila","category-cucuta-deportivo","category-noticias","category-torneo-2025","tag-ascenso","tag-colombia","tag-cucuta-deportivo-2","tag-internacional-de-palmira","tag-torneo-betplay-2025-ii","tag-volveremos-a-la-a"],"_links":{"self":[{"href":"https:\/\/soyrojinegro.com\/web\/wp-json\/wp\/v2\/posts\/8817","targetHints":{"allow":["GET"]}}],"collection":[{"href":"https:\/\/soyrojinegro.com\/web\/wp-json\/wp\/v2\/posts"}],"about":[{"href":"https:\/\/soyrojinegro.com\/web\/wp-json\/wp\/v2\/types\/post"}],"author":[{"embeddable":true,"href":"https:\/\/soyrojinegro.com\/web\/wp-json\/wp\/v2\/users\/3"}],"replies":[{"embeddable":true,"href":"https:\/\/soyrojinegro.com\/web\/wp-json\/wp\/v2\/comments?post=8817"}],"version-history":[{"count":3,"href":"https:\/\/soyrojinegro.com\/web\/wp-json\/wp\/v2\/posts\/8817\/revisions"}],"predecessor-version":[{"id":8832,"href":"https:\/\/soyrojinegro.com\/web\/wp-json\/wp\/v2\/posts\/8817\/revisions\/8832"}],"wp:featuredmedia":[{"embeddable":true,"href":"https:\/\/soyrojinegro.com\/web\/wp-json\/wp\/v2\/media\/8818"}],"wp:attachment":[{"href":"https:\/\/soyrojinegro.com\/web\/wp-json\/wp\/v2\/media?parent=8817"}],"wp:term":[{"taxonomy":"category","embeddable":true,"href":"https:\/\/soyrojinegro.com\/web\/wp-json\/wp\/v2\/categories?post=8817"},{"taxonomy":"post_tag","embeddable":true,"href":"https:\/\/soyrojinegro.com\/web\/wp-json\/wp\/v2\/tags?post=8817"}],"curies":[{"name":"wp","href":"https:\/\/api.w.org\/{rel}","templated":true}]}}