{"id":8877,"date":"2025-11-05T21:21:39","date_gmt":"2025-11-06T02:21:39","guid":{"rendered":"https:\/\/soyrojinegro.com\/web\/?p=8877"},"modified":"2025-11-05T21:35:58","modified_gmt":"2025-11-06T02:35:58","slug":"2-fecha-de-las-finales","status":"publish","type":"post","link":"https:\/\/soyrojinegro.com\/web\/2-fecha-de-las-finales\/","title":{"rendered":"2\u00b0 Fecha de las finales"},"content":{"rendered":"\n<p>El equipo rojinegro prepara este partido frente al Atl\u00e9tico Huila, que ser\u00e1 clave para empezar a consolidar el liderato y aprovechar este partido y el pr\u00f3ximo en condici\u00f3n de local frente a Jaguares con el objetivo de llegar a la final del torneo y por supuesto cumplir el sue\u00f1o de la hinchada de ascender a primera divisi\u00f3n.<\/p>\n\n\n\n<p>Los convocados para el partido de ma\u00f1ana son los siguientes:<\/p>\n\n\n\n<figure class=\"wp-block-image size-large\"><img fetchpriority=\"high\" decoding=\"async\" width=\"819\" height=\"1024\" src=\"https:\/\/soyrojinegro.com\/web\/wp-content\/uploads\/2025\/11\/convovados-819x1024.jpeg\" alt=\"\" class=\"wp-image-8885\" srcset=\"https:\/\/soyrojinegro.com\/web\/wp-content\/uploads\/2025\/11\/convovados-819x1024.jpeg 819w, https:\/\/soyrojinegro.com\/web\/wp-content\/uploads\/2025\/11\/convovados-240x300.jpeg 240w, https:\/\/soyrojinegro.com\/web\/wp-content\/uploads\/2025\/11\/convovados-768x960.jpeg 768w, https:\/\/soyrojinegro.com\/web\/wp-content\/uploads\/2025\/11\/convovados.jpeg 1080w\" sizes=\"(max-width: 819px) 100vw, 819px\" \/><\/figure>\n","protected":false},"excerpt":{"rendered":"<p>El equipo rojinegro enfrenta la segunda fecha de cuadrangulares como l\u00edder del grupo A y con 2 partidos seguidos como local espera consolidar esa posici\u00f3n dominante hasta las finales.<\/p>\n","protected":false},"author":1,"featured_media":8880,"comment_status":"open","ping_status":"open","sticky":false,"template":"","format":"standard","meta":{"footnotes":""},"categories":[2,3,733],"tags":[],"class_list":["post-8877","post","type-post","status-publish","format-standard","has-post-thumbnail","hentry","category-cucuta-deportivo","category-noticias","category-torneo-2025"],"_links":{"self":[{"href":"https:\/\/soyrojinegro.com\/web\/wp-json\/wp\/v2\/posts\/8877","targetHints":{"allow":["GET"]}}],"collection":[{"href":"https:\/\/soyrojinegro.com\/web\/wp-json\/wp\/v2\/posts"}],"about":[{"href":"https:\/\/soyrojinegro.com\/web\/wp-json\/wp\/v2\/types\/post"}],"author":[{"embeddable":true,"href":"https:\/\/soyrojinegro.com\/web\/wp-json\/wp\/v2\/users\/1"}],"replies":[{"embeddable":true,"href":"https:\/\/soyrojinegro.com\/web\/wp-json\/wp\/v2\/comments?post=8877"}],"version-history":[{"count":6,"href":"https:\/\/soyrojinegro.com\/web\/wp-json\/wp\/v2\/posts\/8877\/revisions"}],"predecessor-version":[{"id":8886,"href":"https:\/\/soyrojinegro.com\/web\/wp-json\/wp\/v2\/posts\/8877\/revisions\/8886"}],"wp:featuredmedia":[{"embeddable":true,"href":"https:\/\/soyrojinegro.com\/web\/wp-json\/wp\/v2\/media\/8880"}],"wp:attachment":[{"href":"https:\/\/soyrojinegro.com\/web\/wp-json\/wp\/v2\/media?parent=8877"}],"wp:term":[{"taxonomy":"category","embeddable":true,"href":"https:\/\/soyrojinegro.com\/web\/wp-json\/wp\/v2\/categories?post=8877"},{"taxonomy":"post_tag","embeddable":true,"href":"https:\/\/soyrojinegro.com\/web\/wp-json\/wp\/v2\/tags?post=8877"}],"curies":[{"name":"wp","href":"https:\/\/api.w.org\/{rel}","templated":true}]}}