{"id":9404,"date":"2026-01-20T11:02:10","date_gmt":"2026-01-20T16:02:10","guid":{"rendered":"https:\/\/soyrojinegro.com\/web\/?p=9404"},"modified":"2026-01-20T11:20:11","modified_gmt":"2026-01-20T16:20:11","slug":"cucuta-deportivo-pago-caro-sus-errores-y-cayo-en-casa-en-su-regreso-a-primera-division","status":"publish","type":"post","link":"https:\/\/soyrojinegro.com\/web\/cucuta-deportivo-pago-caro-sus-errores-y-cayo-en-casa-en-su-regreso-a-primera-division\/","title":{"rendered":"C\u00facuta Deportivo pag\u00f3 caro sus errores y cay\u00f3 en casa en su regreso a primera divisi\u00f3n"},"content":{"rendered":"\n<p>C\u00facuta Deportivo no pudo revalidar en su estadio los dos buenos juegos de pretemporada que realiz\u00f3 en Uruguay. Por los puntos en juego y pese a que se puso arriba en el marcador, los dirigidos por Nelson Fl\u00f3rez cometi\u00f3 errores infantiles, le cost\u00f3 tener la pelota y sufri\u00f3 los veloces ataques de un Once Caldas que impuso su jerarqu\u00eda y que, gracias a un doblete de Dairo Mauricio Moreno, se llev\u00f3 los tres puntos para Manizales.<\/p>\n\n\n\n<p>El onceno cucute\u00f1o, con aire en la camiseta por ganar en Uruguay frente a San Lorenzo y luego empatar contra Hurac\u00e1n, comenz\u00f3 bien el partido. Manej\u00f3 la pelota, mostr\u00f3 din\u00e1mica y un orden para buscar el arco rival. Los dirigidos por Nelson Fl\u00f3rez impusieron su juego en los primeros 15 minutos. Pero Once Caldas reaccion\u00f3. Con el correr de los minutos apareci\u00f3 Michel Barrios, tambi\u00e9n Luis S\u00e1nchez y entre los dos emparejaron las acciones.<\/p>\n\n\n\n<p>Al minuto 33, un ataque veloz de Edwars Arizalas y que sirvi\u00f3 para superar la marca de Juan Cuesta, deriv\u00f3 en el primer gol del juego. El atacante cucute\u00f1o cay\u00f3 en el \u00e1rea y el \u00e1rbitro Luis Gabriel Matorel, tras un llamado del VAR, decidi\u00f3 sancionar un tiro penalti que cambi\u00f3 por gol Jaime Peralta, el centrodelantero \u2018rojinegro\u2019 que puso arriba a los motilones.<\/p>\n\n\n\n<figure class=\"wp-block-image size-large\"><img fetchpriority=\"high\" decoding=\"async\" width=\"1024\" height=\"682\" src=\"https:\/\/soyrojinegro.com\/web\/wp-content\/uploads\/2026\/01\/WhatsApp-Image-2026-01-20-at-10.10.55-AM-1024x682.jpeg\" alt=\"\" class=\"wp-image-9408\" srcset=\"https:\/\/soyrojinegro.com\/web\/wp-content\/uploads\/2026\/01\/WhatsApp-Image-2026-01-20-at-10.10.55-AM-1024x682.jpeg 1024w, https:\/\/soyrojinegro.com\/web\/wp-content\/uploads\/2026\/01\/WhatsApp-Image-2026-01-20-at-10.10.55-AM-300x200.jpeg 300w, https:\/\/soyrojinegro.com\/web\/wp-content\/uploads\/2026\/01\/WhatsApp-Image-2026-01-20-at-10.10.55-AM-768x512.jpeg 768w, https:\/\/soyrojinegro.com\/web\/wp-content\/uploads\/2026\/01\/WhatsApp-Image-2026-01-20-at-10.10.55-AM-1536x1023.jpeg 1536w, https:\/\/soyrojinegro.com\/web\/wp-content\/uploads\/2026\/01\/WhatsApp-Image-2026-01-20-at-10.10.55-AM.jpeg 1600w\" sizes=\"(max-width: 1024px) 100vw, 1024px\" \/><\/figure>\n\n\n\n<p><strong>Foto: Juan Pablo Cohen<\/strong><\/p>\n\n\n\n<p>Pero el juego cambi\u00f3 su destino con una acci\u00f3n definitiva al minuto 53, cuando el segundo tiempo mostraba a un Once Caldas decidido a lograr la igualdad. Luego de recibir una clara falta y que fue sancionada por el \u00e1rbitro, Peralta se levant\u00f3 y le reclam\u00f3 airadamente al juez, quien amonest\u00f3 al delantero. Peralta, no se detuvo, continu\u00f3 el reclamo al \u00e1rbitro y este, sin dudarlo, le mostr\u00f3 la tarjeta roja y dej\u00f3 con diez jugadores a su equipo. Un error que pag\u00f3 con la derrota el local.<\/p>\n\n\n\n<p>Once Caldas ten\u00eda por delante 35 minutos para dar vuelta al juego. Los ingresos de D\u00e9inner Qui\u00f1onez y el exmotil\u00f3n Jefry Zapata desde el comienzo del segundo periodo empezaron a dar resultados con llegadas permanentes por las bandas del equipo blanco que, se ve\u00eda, en cualquier momento iba a llegar al empate. Era cuesti\u00f3n de esperar y as\u00ed fue como al minuto 62 y tras un penalti sancionado por una inocente falta de Armando Ballesteros en el \u00e1rea sobre Barrios, el experimentado Dairo Moreno sell\u00f3 la igualdad cuando el reloj marcaba 62 minutos.<\/p>\n\n\n\n<p>De ah\u00ed en adelante, todo el tr\u00e1mite fue de Once Caldas: el visitante gan\u00f3 los duelos individuales por las bandas, se aprovech\u00f3 del mal partido del lateral derecho Armando Ballesteros a quien lo superaron las veces que quiso el buen equipo manizale\u00f1o y as\u00ed obtuvo el segundo gol. Al minuto 87 nuevamente Dairo Moreno finaliz\u00f3 una gran acci\u00f3n colectiva del visitante que tuvo m\u00e1s de diez toques de bal\u00f3n y sell\u00f3 el gol del triunfo.<\/p>\n\n\n\n<p>C\u00facuta Deportivo cay\u00f3 en su regreso a primera divisi\u00f3n y pese a que tuvo buenos momentos no logr\u00f3 reaccionar luego del empate de Once Caldas. Reiter\u00f3 errores en marca, fall\u00f3 en defensa, sufri\u00f3 una expulsi\u00f3n que conden\u00f3 la actuaci\u00f3n y careci\u00f3 de jugadas e ideas ofensivas que el propio t\u00e9cnico Nelson Fl\u00f3rez reconoci\u00f3 al final del partido.<\/p>\n\n\n\n<p>El equipo motil\u00f3n deber\u00e1 corregir errores, mejorar en marca en los laterales y encontrar alternativas ofensivas que no aparecen. Adem\u00e1s, el entrenador reconoci\u00f3 que est\u00e1 a la espera de un lateral derecho, un lateral izquierdo y un extremo que permita completar y mejorar el plantel.<\/p>\n\n\n\n<p>El pr\u00f3ximo viernes, C\u00facuta Deportivo jugar\u00e1 en Bogot\u00e1 contra Internacional, mientras que Once Caldas recibir\u00e1 el domingo 25 de enero a Independiente Santa Fe.<\/p>\n\n\n\n<p>Por: Leonardo Duque, especial para Soyrojinegro.com<\/p>\n","protected":false},"excerpt":{"rendered":"<p>El equipo motil\u00f3n perdi\u00f3 1-2 frente a Once Caldas en un compromiso que cerr\u00f3 la primera fecha de la Liga I \u2013 2026.<\/p>\n","protected":false},"author":3,"featured_media":9405,"comment_status":"open","ping_status":"open","sticky":false,"template":"","format":"standard","meta":{"footnotes":""},"categories":[9,2,4,784,3],"tags":[258,10,23],"class_list":["post-9404","post","type-post","status-publish","format-standard","has-post-thumbnail","hentry","category-copa-aguila","category-cucuta-deportivo","category-eventos","category-liga-betplay","category-noticias","tag-colombia","tag-cucuta","tag-cucuta-deportivo-2"],"_links":{"self":[{"href":"https:\/\/soyrojinegro.com\/web\/wp-json\/wp\/v2\/posts\/9404","targetHints":{"allow":["GET"]}}],"collection":[{"href":"https:\/\/soyrojinegro.com\/web\/wp-json\/wp\/v2\/posts"}],"about":[{"href":"https:\/\/soyrojinegro.com\/web\/wp-json\/wp\/v2\/types\/post"}],"author":[{"embeddable":true,"href":"https:\/\/soyrojinegro.com\/web\/wp-json\/wp\/v2\/users\/3"}],"replies":[{"embeddable":true,"href":"https:\/\/soyrojinegro.com\/web\/wp-json\/wp\/v2\/comments?post=9404"}],"version-history":[{"count":3,"href":"https:\/\/soyrojinegro.com\/web\/wp-json\/wp\/v2\/posts\/9404\/revisions"}],"predecessor-version":[{"id":9410,"href":"https:\/\/soyrojinegro.com\/web\/wp-json\/wp\/v2\/posts\/9404\/revisions\/9410"}],"wp:featuredmedia":[{"embeddable":true,"href":"https:\/\/soyrojinegro.com\/web\/wp-json\/wp\/v2\/media\/9405"}],"wp:attachment":[{"href":"https:\/\/soyrojinegro.com\/web\/wp-json\/wp\/v2\/media?parent=9404"}],"wp:term":[{"taxonomy":"category","embeddable":true,"href":"https:\/\/soyrojinegro.com\/web\/wp-json\/wp\/v2\/categories?post=9404"},{"taxonomy":"post_tag","embeddable":true,"href":"https:\/\/soyrojinegro.com\/web\/wp-json\/wp\/v2\/tags?post=9404"}],"curies":[{"name":"wp","href":"https:\/\/api.w.org\/{rel}","templated":true}]}}