{"id":9427,"date":"2026-01-22T19:04:32","date_gmt":"2026-01-23T00:04:32","guid":{"rendered":"https:\/\/soyrojinegro.com\/web\/?p=9427"},"modified":"2026-01-23T08:27:52","modified_gmt":"2026-01-23T13:27:52","slug":"la-salida-de-lucas-rios-un-nuevo-problema-para-cucuta-deportivo","status":"publish","type":"post","link":"https:\/\/soyrojinegro.com\/web\/la-salida-de-lucas-rios-un-nuevo-problema-para-cucuta-deportivo\/","title":{"rendered":"La salida de Lucas R\u00edos, un nuevo problema para C\u00facuta Deportivo"},"content":{"rendered":"\n<p><\/p>\n\n\n\n<p>El mediocampista public\u00f3 al mediod\u00eda una carta en sus redes en la que expres\u00f3 su malestar por &#8220;situaciones desde lo interno&#8221; que no comparte y chocan con su &#8220;\u00e9tica profesional&#8221;.<\/p>\n\n\n\n<p>Sin claridad sobre las verdaderas razones que motivaron al jugador de 27 a\u00f1os a marcharse, se ha especulado que tuvo un conflicto con el t\u00e9cnico Nelson &#8216;El Rolo&#8217; Fl\u00f3rez, aunque el propio R\u00edos lo desminti\u00f3 en una segunda comunicaci\u00f3n.<\/p>\n\n\n\n<p>Lo cierto es que el argentino no sigue y el hecho ocurre en medio de la necesidad del equipo por conseguir su primera victoria para acallar las cr\u00edticas de los aficionados que reclaman resultados y refuerzos de categor\u00eda.<\/p>\n\n\n\n<p>Adem\u00e1s, vuelve a poner el foco en la relaci\u00f3n del &#8216;Rolo&#8217; con los jugadores, un tema del que se habl\u00f3 el a\u00f1o pasado y que, seg\u00fan se rumora, deriv\u00f3 en la salida de los tambi\u00e9n argentinos Mat\u00edas Pisano y Cristian \u00c1lvarez.<\/p>\n\n\n\n<p>Si bien los antecedentes no favorecen a R\u00edos \u2014se fue de Once Caldas peleado con el t\u00e9cnico Hern\u00e1n Dar\u00edo Herrera y en Santa Fe no fue tenido en cuenta por Jorge Bava\u2014 valdr\u00eda la pena conocer qu\u00e9 piensan los jugadores y si respaldan al entrenador.<\/p>\n\n\n\n<p>Una ruptura entre la cabeza del grupo y la plantilla solo empeora las cosas y el mayor perjudicado es el equipo, que debe empezar a sumar de a tres para no ceder terreno en su lucha por la permanencia.<\/p>\n\n\n\n<p>Por eso, se hace necesario que el C\u00facuta Deportivo se pronuncie y aclare la situaci\u00f3n para llevar calma a los hinchas, pues el silencio solo genera m\u00e1s incertidumbre sobre lo que pasa en el seno del grupo.<\/p>\n\n\n\n<p>Por Juan Camilo Garnica Trujillo, especial para www.soyrojinegro.com<\/p>\n\n\n\n<p>@Juank_garnica<\/p>\n\n\n\n<p><\/p>\n","protected":false},"excerpt":{"rendered":"<p>Los hinchas del C\u00facuta no salen del asombro por la salida intempestiva del argentino Lucas Emmanuel R\u00edos, este jueves, a horas del partido con Internacional de Bogot\u00e1.<\/p>\n","protected":false},"author":4,"featured_media":9428,"comment_status":"open","ping_status":"open","sticky":false,"template":"","format":"standard","meta":{"footnotes":""},"categories":[88],"tags":[258,10,23],"class_list":["post-9427","post","type-post","status-publish","format-standard","has-post-thumbnail","hentry","category-opinion","tag-colombia","tag-cucuta","tag-cucuta-deportivo-2"],"_links":{"self":[{"href":"https:\/\/soyrojinegro.com\/web\/wp-json\/wp\/v2\/posts\/9427","targetHints":{"allow":["GET"]}}],"collection":[{"href":"https:\/\/soyrojinegro.com\/web\/wp-json\/wp\/v2\/posts"}],"about":[{"href":"https:\/\/soyrojinegro.com\/web\/wp-json\/wp\/v2\/types\/post"}],"author":[{"embeddable":true,"href":"https:\/\/soyrojinegro.com\/web\/wp-json\/wp\/v2\/users\/4"}],"replies":[{"embeddable":true,"href":"https:\/\/soyrojinegro.com\/web\/wp-json\/wp\/v2\/comments?post=9427"}],"version-history":[{"count":7,"href":"https:\/\/soyrojinegro.com\/web\/wp-json\/wp\/v2\/posts\/9427\/revisions"}],"predecessor-version":[{"id":9436,"href":"https:\/\/soyrojinegro.com\/web\/wp-json\/wp\/v2\/posts\/9427\/revisions\/9436"}],"wp:featuredmedia":[{"embeddable":true,"href":"https:\/\/soyrojinegro.com\/web\/wp-json\/wp\/v2\/media\/9428"}],"wp:attachment":[{"href":"https:\/\/soyrojinegro.com\/web\/wp-json\/wp\/v2\/media?parent=9427"}],"wp:term":[{"taxonomy":"category","embeddable":true,"href":"https:\/\/soyrojinegro.com\/web\/wp-json\/wp\/v2\/categories?post=9427"},{"taxonomy":"post_tag","embeddable":true,"href":"https:\/\/soyrojinegro.com\/web\/wp-json\/wp\/v2\/tags?post=9427"}],"curies":[{"name":"wp","href":"https:\/\/api.w.org\/{rel}","templated":true}]}}