{"id":9443,"date":"2026-01-25T09:40:49","date_gmt":"2026-01-25T14:40:49","guid":{"rendered":"https:\/\/soyrojinegro.com\/web\/?p=9443"},"modified":"2026-01-25T09:40:49","modified_gmt":"2026-01-25T14:40:49","slug":"errores-en-defensa-por-derecha-y-nula-reaccion-y-caracter-mezcla-en-segunda-derrota-de-cucuta-en-liga","status":"publish","type":"post","link":"https:\/\/soyrojinegro.com\/web\/errores-en-defensa-por-derecha-y-nula-reaccion-y-caracter-mezcla-en-segunda-derrota-de-cucuta-en-liga\/","title":{"rendered":"Errores en defensa por derecha y nula reacci\u00f3n y car\u00e1cter: mezcla en segunda derrota de C\u00facuta en Liga"},"content":{"rendered":"\n<p>C\u00facuta Deportivo volvi\u00f3 a caer y ya preocupa. Porque pese a realizar un aceptable primer tiempo en el estadio de Techo, en la segunda etapa dej\u00f3 ver varios problemas y perdi\u00f3 su segundo partido sin atenuantes.<\/p>\n\n\n\n<p>Del juego ordenado y con una buena transici\u00f3n de defensa a ataque que termin\u00f3 en el gol en el minuto 19, en el que se juntaron Berdugo, Orozco y Arizalas, que defini\u00f3 perfecto Luis Fernando Hern\u00e1ndez, se pas\u00f3 a un equipo desordenado en la segunda etapa, sin car\u00e1cter, con cero juego ofensivo y sin recambio desde el banco de suplentes.<\/p>\n\n\n\n<p>Lo que se vio desde afuera es que ese gol del hondure\u00f1o Dereck Moncada cuando se jugaba el tercer minuto de los tres de reposici\u00f3n que determin\u00f3 el \u00e1rbitro Alejandro Moncada en el primer tiempo fue un golpe de nocaut para el motil\u00f3n.<\/p>\n\n\n\n<p><strong>C\u00facuta tiene un hueco enorme por el sector derecho en defensa<\/strong><\/p>\n\n\n\n<p>Porque pese a que despu\u00e9s lleg\u00f3 el entretiempo, la segunda anotaci\u00f3n se present\u00f3 a los cinco minutos de la segunda etapa. Sanguinetti super\u00f3 en el duelo a Monta\u00f1o, en un espacio en donde no estaba Ballesteros por su incapacidad y carencia de marca, y fue el uruguayo Bon\u00e9, quien decret\u00f3 el segundo gol de Internacional.<\/p>\n\n\n\n<p>Nuevamente el rival, esta vez Inter como ya lo hab\u00eda hecho Once Caldas, atac\u00f3 el sector derecho de C\u00facuta Deportivo que no tiene lateral derecho, que pone ah\u00ed a Sebasti\u00e1n Rodr\u00edguez y que luego utiliz\u00f3 a Ballesteros en una decisi\u00f3n errada del entrenador \u2018Rolo\u2019 Fl\u00f3rez, a quien ya se le ve la preocupaci\u00f3n por los dos resultados negativos.<\/p>\n\n\n\n<p>Adem\u00e1s, C\u00facuta Deportivo en Techo fue un equipo sin reacci\u00f3n, careci\u00f3 de car\u00e1cter y no tuvo juego ofensivo, demasiado para un plantel que ya preocupa bastante por los reiterados errores en defensa y porque en el banco de los suplentes no encuentra respuestas para dar vuelta la historia.<\/p>\n\n\n\n<p>C\u00facuta Deportivo se juega e pr\u00f3ximo martes 27 de enero otra final: recibe a Atl\u00e9tico Bucaramanga en otro duelo del cl\u00e1sico de los santanderes. Un partido especial y que no se puede perder, aunque se repitan errores, se carezca de car\u00e1cter y de juego ofensivo, una radiograf\u00eda que ya mostr\u00f3 dos veces el motil\u00f3n en la Liga I-2026 y que ya preocupa.<\/p>\n\n\n\n<p><strong>Leonardo Duque, especial para Soyrojinegro.com <br><br>@leoduq2<\/strong><\/p>\n\n\n\n<p><\/p>\n","protected":false},"excerpt":{"rendered":"<p>El equipo motil\u00f3n reiter\u00f3 errores de su debut y cay\u00f3 en Bogot\u00e1 frente a Internacional por la segunda fecha de la Liga I-2026.<\/p>\n","protected":false},"author":4,"featured_media":9444,"comment_status":"open","ping_status":"open","sticky":false,"template":"","format":"standard","meta":{"footnotes":""},"categories":[9,2,782,3],"tags":[10,23,796,795],"class_list":["post-9443","post","type-post","status-publish","format-standard","has-post-thumbnail","hentry","category-copa-aguila","category-cucuta-deportivo","category-liga-betplay-i-2026","category-noticias","tag-cucuta","tag-cucuta-deportivo-2","tag-internacional-de-bogota","tag-nelson-florez"],"_links":{"self":[{"href":"https:\/\/soyrojinegro.com\/web\/wp-json\/wp\/v2\/posts\/9443","targetHints":{"allow":["GET"]}}],"collection":[{"href":"https:\/\/soyrojinegro.com\/web\/wp-json\/wp\/v2\/posts"}],"about":[{"href":"https:\/\/soyrojinegro.com\/web\/wp-json\/wp\/v2\/types\/post"}],"author":[{"embeddable":true,"href":"https:\/\/soyrojinegro.com\/web\/wp-json\/wp\/v2\/users\/4"}],"replies":[{"embeddable":true,"href":"https:\/\/soyrojinegro.com\/web\/wp-json\/wp\/v2\/comments?post=9443"}],"version-history":[{"count":1,"href":"https:\/\/soyrojinegro.com\/web\/wp-json\/wp\/v2\/posts\/9443\/revisions"}],"predecessor-version":[{"id":9445,"href":"https:\/\/soyrojinegro.com\/web\/wp-json\/wp\/v2\/posts\/9443\/revisions\/9445"}],"wp:featuredmedia":[{"embeddable":true,"href":"https:\/\/soyrojinegro.com\/web\/wp-json\/wp\/v2\/media\/9444"}],"wp:attachment":[{"href":"https:\/\/soyrojinegro.com\/web\/wp-json\/wp\/v2\/media?parent=9443"}],"wp:term":[{"taxonomy":"category","embeddable":true,"href":"https:\/\/soyrojinegro.com\/web\/wp-json\/wp\/v2\/categories?post=9443"},{"taxonomy":"post_tag","embeddable":true,"href":"https:\/\/soyrojinegro.com\/web\/wp-json\/wp\/v2\/tags?post=9443"}],"curies":[{"name":"wp","href":"https:\/\/api.w.org\/{rel}","templated":true}]}}