{"id":9446,"date":"2026-01-25T09:44:04","date_gmt":"2026-01-25T14:44:04","guid":{"rendered":"https:\/\/soyrojinegro.com\/web\/?p=9446"},"modified":"2026-01-25T09:44:04","modified_gmt":"2026-01-25T14:44:04","slug":"los-culpables-somos-nosotros-hay-que-levantar-cabeza-nelson-rolo-florez","status":"publish","type":"post","link":"https:\/\/soyrojinegro.com\/web\/los-culpables-somos-nosotros-hay-que-levantar-cabeza-nelson-rolo-florez\/","title":{"rendered":"\u201cLos culpables somos nosotros, hay que levantar cabeza\u201d: Nelson \u2018Rolo\u2019 Fl\u00f3rez"},"content":{"rendered":"\n<p>Nelson \u2018Rolo\u2019 Fl\u00f3rez no se escondi\u00f3 en Techo. Tras la derrota 2-1 frente a Internacional, el entrenador reconoci\u00f3 errores y manifest\u00f3 que est\u00e1 en el plantel cambiar este flojo comienzo.<\/p>\n\n\n\n<p>\u201cHay que reponernos y levantarnos de esta derrota. No est\u00e1n ganado los balones en las bandas y hemos soltado las marcas en el \u00e1rea, as\u00ed que no ponemos dar tantas ventajas, como nos ha pasado en los dos partidos, en los que hemos comenzado arriba en el marcador\u201d, dijo Fl\u00f3rez, quien respondi\u00f3 todas las preguntas luego de la ca\u00edda frente al novel Internacional de Bogot\u00e1.<\/p>\n\n\n\n<p>Fl\u00f3rez, preocupado por los dos resultados adversos en el comienzo de la Liga I-2026, sostuvo que se han presentado varios errores en marca por las bandas en la zona defensiva.<\/p>\n\n\n\n<p>\u201cEstamos tratando de encontrar maneras para que no nos ganen duelos en las bandas, que no nos levanten la pelota. Esperamos suplir eso y poder los 90 minutos sostener la defensa con el arco en cero. Las desatenciones por las bandas se han repetido y nosotros como equipo necesitamos corregir esos errores\u201d, agreg\u00f3 Fl\u00f3rez, quien agreg\u00f3: \u201cConformar un equipo de la noche a la ma\u00f1ana no es f\u00e1cil. Ojal\u00e1 estas dos derrotas nos sirvan para hacernos m\u00e1s fuertes\u201d, puntualiz\u00f3 el DT.<\/p>\n\n\n\n<p>C\u00facuta Deportivo ya piensa en su pr\u00f3ximo rival, Atl\u00e9tico Bucaramanga: todo el plantel sabe que est\u00e1 en juego mucho en ese partido y el primero que lo reconoce es el Rolo Fl\u00f3rez, quien reconoce errores y el objetivo es uno solo: ganar y levantar la cabeza el pr\u00f3ximo martes desde las 4 de la tarde. No queda otra y ya lo saben todos adentro del plantel.<\/p>\n\n\n\n<p><strong>Leonardo Duque, especial para Soyrojinegro.com<br><br>@leoduq2<\/strong><\/p>\n","protected":false},"excerpt":{"rendered":"<p>El t\u00e9cnico de C\u00facuta Deportivo reconoci\u00f3 errores en Bogot\u00e1 y asegur\u00f3 que ya es hora de ganar, refiri\u00e9ndose al cl\u00e1sico del martes frente a Bucaramanga.<\/p>\n","protected":false},"author":4,"featured_media":9447,"comment_status":"open","ping_status":"open","sticky":false,"template":"","format":"standard","meta":{"footnotes":""},"categories":[9,2,782,3],"tags":[258,23,796,785,797],"class_list":["post-9446","post","type-post","status-publish","format-standard","has-post-thumbnail","hentry","category-copa-aguila","category-cucuta-deportivo","category-liga-betplay-i-2026","category-noticias","tag-colombia","tag-cucuta-deportivo-2","tag-internacional-de-bogota","tag-liga-betplay-2026","tag-nelson-rolo-florez"],"_links":{"self":[{"href":"https:\/\/soyrojinegro.com\/web\/wp-json\/wp\/v2\/posts\/9446","targetHints":{"allow":["GET"]}}],"collection":[{"href":"https:\/\/soyrojinegro.com\/web\/wp-json\/wp\/v2\/posts"}],"about":[{"href":"https:\/\/soyrojinegro.com\/web\/wp-json\/wp\/v2\/types\/post"}],"author":[{"embeddable":true,"href":"https:\/\/soyrojinegro.com\/web\/wp-json\/wp\/v2\/users\/4"}],"replies":[{"embeddable":true,"href":"https:\/\/soyrojinegro.com\/web\/wp-json\/wp\/v2\/comments?post=9446"}],"version-history":[{"count":1,"href":"https:\/\/soyrojinegro.com\/web\/wp-json\/wp\/v2\/posts\/9446\/revisions"}],"predecessor-version":[{"id":9448,"href":"https:\/\/soyrojinegro.com\/web\/wp-json\/wp\/v2\/posts\/9446\/revisions\/9448"}],"wp:featuredmedia":[{"embeddable":true,"href":"https:\/\/soyrojinegro.com\/web\/wp-json\/wp\/v2\/media\/9447"}],"wp:attachment":[{"href":"https:\/\/soyrojinegro.com\/web\/wp-json\/wp\/v2\/media?parent=9446"}],"wp:term":[{"taxonomy":"category","embeddable":true,"href":"https:\/\/soyrojinegro.com\/web\/wp-json\/wp\/v2\/categories?post=9446"},{"taxonomy":"post_tag","embeddable":true,"href":"https:\/\/soyrojinegro.com\/web\/wp-json\/wp\/v2\/tags?post=9446"}],"curies":[{"name":"wp","href":"https:\/\/api.w.org\/{rel}","templated":true}]}}