{"id":9515,"date":"2026-02-06T17:05:12","date_gmt":"2026-02-06T22:05:12","guid":{"rendered":"https:\/\/soyrojinegro.com\/web\/?p=9515"},"modified":"2026-02-06T22:32:31","modified_gmt":"2026-02-07T03:32:31","slug":"richard-paez-es-el-indicado-para-que-cucuta-cambie-su-historia-y-sea-referente-nelson-ramos","status":"publish","type":"post","link":"https:\/\/soyrojinegro.com\/web\/richard-paez-es-el-indicado-para-que-cucuta-cambie-su-historia-y-sea-referente-nelson-ramos\/","title":{"rendered":"&#8220;Richard P\u00e1ez es el indicado para que C\u00facuta cambie su historia y sea referente&#8221;: Nelson Ramos"},"content":{"rendered":"\n<p>Richard P\u00e1ez, flamante entrenador del C\u00facuta Deportivo, tiene en su dilatada trayectoria, que incluye clubes y selecciones nacionales de Venezuela, un paso exitoso y muy recordado por el f\u00fatbol colombiano al frente de Millonarios.<\/p>\n\n\n\n<p>El t\u00e9cnico venezolano lleg\u00f3 al banquillo azul en 2011 procedente de Alianza Lima de Per\u00fa y logr\u00f3 cambiar la historia de un equipo que el a\u00f1o anterior hab\u00eda estado alejado de las finales y comprometido con el descenso.<\/p>\n\n\n\n<p>Bajo su direcci\u00f3n, Millonarios gan\u00f3 la Copa Colombia (la segunda de su historia) y volvi\u00f3 a festejar un t\u00edtulo oficial en el pa\u00eds despu\u00e9s de 23 a\u00f1os. Adem\u00e1s, mostrando buen f\u00fatbol, se clasific\u00f3 a los cuadrangulares en los dos campeonatos de ese a\u00f1o.<\/p>\n\n\n\n<p>Uno de sus dirigidos en el equipo capitalino fue Nelson Ramos, arquero que por entonces defend\u00eda los intereses del Am\u00e9rica de Cali y a quien P\u00e1ez logr\u00f3 convencer para que se sumara a la plantilla.<\/p>\n\n\n\n<p>Ramos atendi\u00f3 este viernes a <strong>SOYROJINEGRO.COM <\/strong>y dej\u00f3 sus impresiones sobre \u201cEl Doctor\u201d (as\u00ed apodan a Richard P\u00e1ez, pues es graduado de Medicina), quien regresa a nuestro pa\u00eds para enfrentar con el C\u00facuta un desaf\u00edo similar al que tuvo hace 15 a\u00f1os.<\/p>\n\n\n\n<p><strong>\u00bfC\u00f3mo fue ese primer contacto con Richard P\u00e1ez?<\/strong><\/p>\n\n\n\n<p>&#8220;El profe me llam\u00f3, yo estaba en el Am\u00e9rica cuando me cont\u00f3 que me quer\u00eda llevar a Millonarios porque era el arquero que le iba a brindar la confianza para que \u00e9l estuviera seguro atr\u00e1s\u201d.<\/p>\n\n\n\n<p><strong>\u00bfCon qu\u00e9 entrenador se encontraron?<\/strong><\/p>\n\n\n\n<p>&#8220;Encontramos a un se\u00f1or, m\u00e1s a que a un director t\u00e9cnico. A un pap\u00e1, a una persona estudiosa del f\u00fatbol, estudiosa de su medicina y que se fijaba m\u00e1s en la persona que en el jugador, y eso hace que uno brinde en la cancha el cien por ciento de su trabajo. Esa es la gran diferencia con otros t\u00e9cnicos que aprovechan solo lo deportivo. El trato al ser humano ayuda a que el jugador rinda \u00f3ptimamente. Recuerdo que el hincha pagaba con gusto una boleta por ir a ver a Millonarios. A veces se empataba, pero la gente sal\u00eda contenta porque Millonarios jugaba bien al f\u00fatbol&#8221;.<\/p>\n\n\n\n<p><strong>Usted dice que Millonarios jugaba bien al f\u00fatbol y as\u00ed se le recuerda, pero \u00bfqu\u00e9 les ped\u00eda P\u00e1ez?, \u00bfcu\u00e1les eran sus conceptos?<\/strong><\/p>\n\n\n\n<p>&#8220;En esa \u00e9poca se jugaba con volante 10, que en Millonarios era Mayer Candelo. Pero eso fue hace 15 a\u00f1os y hoy el f\u00fatbol ha cambiado, entonces no s\u00e9 qu\u00e9 estilo de juego quiere el &#8216;profe&#8217; con los jugadores que tiene en el C\u00facuta. No s\u00e9 si quiera volver a contar con un 10&#8221;.<\/p>\n\n\n\n<p><strong>\u00bfQu\u00e9 opina de su llegada al C\u00facuta Deportivo?<\/strong><\/p>\n\n\n\n<p>&#8220;Para C\u00facuta es una gran oportunidad que llegue una persona con experiencia, una persona que vino a Colombia y cambio parte de la historia de Millonarios. En un semestre busc\u00f3 a los mejores jugadores de cada uno de los equipos y los llev\u00f3 a cambiar esa historia y lo logr\u00f3. Empezamos con ese primer t\u00edtulo de Copa, pero tambi\u00e9n hubo algunos jugadores que llegaron a Selecci\u00f3n Colombia y hubo historias diferentes con equipos con los que Millonarios siempre perd\u00eda y se logr\u00f3 ganar. Si C\u00facuta quiere cambiar la historia y volver a ser un referente nacional e internacional, creo que es la persona indicada para que le acepten sus peticiones y as\u00ed esa gran ciudad, con esa afici\u00f3n, vuelva a ser protagonista&#8221;.<\/p>\n\n\n\n<p><strong>\u00bfQu\u00e9 le dej\u00f3 Richard P\u00e1ez en su carrera?<\/strong><\/p>\n\n\n\n<p>&#8220;Cuando me llamaron a la Selecci\u00f3n Colombia y estuve en la Copa Am\u00e9rica de 2011 fue gracias al trabajo que hicimos ese a\u00f1o, por eso agradezco haber estado entre los 23 mejores de ese momento. Quedamos campeones y creo que haber quedado como el mejor arquero de la Liga colombiana en los dos torneos fue gracias a la confianza que me brind\u00f3&#8221;.<\/p>\n\n\n\n<p><strong>Por \u00faltimo, \u00bfqu\u00e9 mensaje le quiere dar al &#8220;Doctor&#8221;?<\/strong><\/p>\n\n\n\n<p>&#8220;Le deseo lo mejor al profe y al C\u00facuta y espero que sea escuchado, porque tantos a\u00f1os en selecci\u00f3n, en equipos, tiene toda la experiencia para que lo que pida, se lo den y que se logre ese cambio&#8221;.<\/p>\n\n\n\n<p><strong>Juan Camilo Garnica, especial para Soyrojinegro.com<br>@Juank_garnica<\/strong><\/p>\n","protected":false},"excerpt":{"rendered":"<p>El ex arquero fue campe\u00f3n de la Copa Colombia con Millonarios bajo la direcci\u00f3n del t\u00e9cnico venezolano. &#8220;Fue gracias al trabajo que hicimos ese a\u00f1o que fui a la Selecci\u00f3n Colombia&#8221;, dice.<\/p>\n","protected":false},"author":4,"featured_media":9516,"comment_status":"open","ping_status":"open","sticky":false,"template":"","format":"standard","meta":{"footnotes":""},"categories":[3],"tags":[23,801,800,799],"class_list":["post-9515","post","type-post","status-publish","format-standard","has-post-thumbnail","hentry","category-noticias","tag-cucuta-deportivo-2","tag-liga-betplay-2026-1","tag-nelson-ramos","tag-richard-paez"],"_links":{"self":[{"href":"https:\/\/soyrojinegro.com\/web\/wp-json\/wp\/v2\/posts\/9515","targetHints":{"allow":["GET"]}}],"collection":[{"href":"https:\/\/soyrojinegro.com\/web\/wp-json\/wp\/v2\/posts"}],"about":[{"href":"https:\/\/soyrojinegro.com\/web\/wp-json\/wp\/v2\/types\/post"}],"author":[{"embeddable":true,"href":"https:\/\/soyrojinegro.com\/web\/wp-json\/wp\/v2\/users\/4"}],"replies":[{"embeddable":true,"href":"https:\/\/soyrojinegro.com\/web\/wp-json\/wp\/v2\/comments?post=9515"}],"version-history":[{"count":4,"href":"https:\/\/soyrojinegro.com\/web\/wp-json\/wp\/v2\/posts\/9515\/revisions"}],"predecessor-version":[{"id":9521,"href":"https:\/\/soyrojinegro.com\/web\/wp-json\/wp\/v2\/posts\/9515\/revisions\/9521"}],"wp:featuredmedia":[{"embeddable":true,"href":"https:\/\/soyrojinegro.com\/web\/wp-json\/wp\/v2\/media\/9516"}],"wp:attachment":[{"href":"https:\/\/soyrojinegro.com\/web\/wp-json\/wp\/v2\/media?parent=9515"}],"wp:term":[{"taxonomy":"category","embeddable":true,"href":"https:\/\/soyrojinegro.com\/web\/wp-json\/wp\/v2\/categories?post=9515"},{"taxonomy":"post_tag","embeddable":true,"href":"https:\/\/soyrojinegro.com\/web\/wp-json\/wp\/v2\/tags?post=9515"}],"curies":[{"name":"wp","href":"https:\/\/api.w.org\/{rel}","templated":true}]}}