{"id":9526,"date":"2026-02-08T10:07:13","date_gmt":"2026-02-08T15:07:13","guid":{"rendered":"https:\/\/soyrojinegro.com\/web\/?p=9526"},"modified":"2026-02-08T11:41:52","modified_gmt":"2026-02-08T16:41:52","slug":"que-dolor-de-cabeza","status":"publish","type":"post","link":"https:\/\/soyrojinegro.com\/web\/que-dolor-de-cabeza\/","title":{"rendered":"\u00a1Qu\u00e9 dolor de cabeza!"},"content":{"rendered":"\n<p class=\"has-small-font-size\"><em>C\u00facuta Deportivo volvi\u00f3 a perder y ratific\u00f3 su mal momento con un nuevo problema: el deficiente juego a\u00e9reo en defensa. Una pesadilla.<\/em><br><br>El equipo motil\u00f3n no levanta cabeza. Pese a estar arriba 0-2 en Medell\u00edn, los dirigidos en esta ocasi\u00f3n por Braynner Garc\u00eda no supieron sostener la ventaja. Errores infantiles, dando facilidades en su propia \u00e1rea y sin imponerse en el juego a\u00e9reo, sum\u00f3 su tercera derrota en cinco salidas en Liga.<br><br>Pese a los buenos goles de Luis Fernando Hern\u00e1ndez, el mejor de C\u00facuta en lo que va del campeonato, y de Lucas R\u00edos, los motilones mostraron su peor cara y vio c\u00f3mo se le escapaba la victoria. Un minuto despu\u00e9s de la anotaci\u00f3n de R\u00edos apareci\u00f3 el descuento con un potente cabezazo de Jorge Rivaldo, quien le gan\u00f3 el duelo en el salto a Jhon Qui\u00f1ones.<br><br>En ese momento, si observan el gol, el entrenador Juan David Ni\u00f1o, exReal Cundinamarca y quien perdi\u00f3 con el motil\u00f3n en la final por el segundo ascenso el a\u00f1o anterior, tom\u00f3 una decisi\u00f3n que cambi\u00f3 el partido: la se\u00f1al de televisi\u00f3n muestra c\u00f3mo le ordena a Jorge Obreg\u00f3n y a Jean Pineda para que ingresen al campo. Apenas iban 33 minutos y el mensaje era claro; mandar jugadores al campo para ganar por arriba, con Obreg\u00f3n, y para que manden la pelota al \u00e1rea, con Pineda. Un entrenador despierto, Ni\u00f1o, y del otro lado, uno dormido y que no ley\u00f3 eso, Garc\u00eda.<br><br>Ese golpe del 2-1 termin\u00f3 siendo certero. \u00c1guilas se meti\u00f3 en partido y C\u00facuta Deportivo se asust\u00f3. Y ah\u00ed se vio el otro gran problema de los motilones en lo que va del campeonato: no hay respuestas an\u00edmicas, no hay un cambio dentro del campo que permita contrarrestar las virtudes del rival.<br><strong><br>Segundo tiempo sin reacci\u00f3n<\/strong><br><br><\/p>\n\n\n\n<figure class=\"wp-block-image size-full is-resized\"><img fetchpriority=\"high\" decoding=\"async\" width=\"747\" height=\"427\" src=\"https:\/\/soyrojinegro.com\/web\/wp-content\/uploads\/2026\/02\/image.png\" alt=\"\" class=\"wp-image-9527\" style=\"width:437px;height:auto\" srcset=\"https:\/\/soyrojinegro.com\/web\/wp-content\/uploads\/2026\/02\/image.png 747w, https:\/\/soyrojinegro.com\/web\/wp-content\/uploads\/2026\/02\/image-300x171.png 300w\" sizes=\"(max-width: 747px) 100vw, 747px\" \/><\/figure>\n\n\n\n<p class=\"has-black-color has-text-color has-link-color has-small-font-size wp-elements-0b7ab0c7ce9ef925e60eb0e797656de3\"><br><br>El segundo tiempo fue la confirmaci\u00f3n de lo mal que est\u00e1 C\u00facuta Deportivo en el juego a\u00e9reo defensivo. En apenas dos minutos le dieron vuelta a la historia. Tiro de esquina que ejecut\u00f3 Urue\u00f1a, Diego Hern\u00e1ndez (5) le gan\u00f3 el duelo a Calcaterra que ni salt\u00f3 y tampoco molest\u00f3 al central local para que Obreg\u00f3n (99) empujara la pelota, sin marca. 2-2.<br><br>Y dos minutos despu\u00e9s lleg\u00f3 el definitivo 3-2. Nuevamente Urue\u00f1a ejecut\u00f3 una falta, mand\u00f3 la pelota al \u00e1rea donde otra vez Hern\u00e1ndez gan\u00f3 por arriba, sin marca, baj\u00f3 la pelota y lleg\u00f3 el cabezazo de Rivaldo para poner a festejar a los locales y dejar con las manos vac\u00edas a los cucute\u00f1os. Un gol f\u00e1cil en el que se vio a un inocente equipo defendiendo, que pareci\u00f3 m\u00e1s un equipo de colegio que a uno profesional. Desordenado, sin respuestas. Amateur.<br><br>Desde ese momento C\u00facuta tuvo 40 minutos para intentar llegar a la igualdad y no fu capaz. Mentalmente qued\u00f3 bloqueado, destruido. Las ideas no llegaron. De manera ins\u00f3lita el entrenador sac\u00f3 a &#8216;LuisFer&#8217; Hern\u00e1ndez y envi\u00f3 al campo a Ochoa, que entr\u00f3 a ser lateral por derecha y mandar a Abon\u00eda a jugar como extremo cuando no es su posici\u00f3n. Ya R\u00edos hab\u00eda salido, porque f\u00edsicamente est\u00e1 para jugar 20 minutos, Kevin Londo\u00f1o hab\u00eda reemplazado a Berdugo y se perdi\u00f3 juego en la mitad.<br><br>Todo mal para C\u00facuta Deportivo. Dos puntos de 15 disputados y ante ese panorama se tendr\u00e1 que enfrentar el experimentado entrenador Richard P\u00e1ez. A buscar soluciones con un plantel que no reacciona, que no encuentra caminos para cambiar esta triste historia en donde la oscuridad se apodera del equipo y no se ve una luz que de claridad. Ni afuera ni adentro del campo. Y apenas van cinco fechas\u2026<br><br>Por: <strong><a href=\"leonardoduque@gmail.com\" data-type=\"link\" data-id=\"leonardoduque@gmail.com\">Leonardo Duque Soto<\/a>, especial para <a href=\"http:\/\/www.soyrojinegro.com\">Soyrojinegro.com<\/a><\/strong><\/p>\n\n\n\n<p><\/p>\n","protected":false},"excerpt":{"rendered":"<p>C\u00facuta Deportivo volvi\u00f3 a perder y ratific\u00f3 su mal momento con un nuevo problema: el deficiente juego a\u00e9reo en defensa. Una pesadilla. El equipo motil\u00f3n no levanta cabeza. Pese a estar arriba 0-2 en Medell\u00edn, los dirigidos en esta ocasi\u00f3n por Braynner Garc\u00eda no supieron sostener la ventaja. Errores infantiles, dando facilidades en su propia [&hellip;]<\/p>\n","protected":false},"author":3,"featured_media":9532,"comment_status":"open","ping_status":"open","sticky":false,"template":"","format":"standard","meta":{"footnotes":""},"categories":[9,782,88,1],"tags":[572,258,10,23,801],"class_list":["post-9526","post","type-post","status-publish","format-standard","has-post-thumbnail","hentry","category-copa-aguila","category-liga-betplay-i-2026","category-opinion","category-sin-categoria","tag-aguilas-doradas","tag-colombia","tag-cucuta","tag-cucuta-deportivo-2","tag-liga-betplay-2026-1"],"_links":{"self":[{"href":"https:\/\/soyrojinegro.com\/web\/wp-json\/wp\/v2\/posts\/9526","targetHints":{"allow":["GET"]}}],"collection":[{"href":"https:\/\/soyrojinegro.com\/web\/wp-json\/wp\/v2\/posts"}],"about":[{"href":"https:\/\/soyrojinegro.com\/web\/wp-json\/wp\/v2\/types\/post"}],"author":[{"embeddable":true,"href":"https:\/\/soyrojinegro.com\/web\/wp-json\/wp\/v2\/users\/3"}],"replies":[{"embeddable":true,"href":"https:\/\/soyrojinegro.com\/web\/wp-json\/wp\/v2\/comments?post=9526"}],"version-history":[{"count":4,"href":"https:\/\/soyrojinegro.com\/web\/wp-json\/wp\/v2\/posts\/9526\/revisions"}],"predecessor-version":[{"id":9531,"href":"https:\/\/soyrojinegro.com\/web\/wp-json\/wp\/v2\/posts\/9526\/revisions\/9531"}],"wp:featuredmedia":[{"embeddable":true,"href":"https:\/\/soyrojinegro.com\/web\/wp-json\/wp\/v2\/media\/9532"}],"wp:attachment":[{"href":"https:\/\/soyrojinegro.com\/web\/wp-json\/wp\/v2\/media?parent=9526"}],"wp:term":[{"taxonomy":"category","embeddable":true,"href":"https:\/\/soyrojinegro.com\/web\/wp-json\/wp\/v2\/categories?post=9526"},{"taxonomy":"post_tag","embeddable":true,"href":"https:\/\/soyrojinegro.com\/web\/wp-json\/wp\/v2\/tags?post=9526"}],"curies":[{"name":"wp","href":"https:\/\/api.w.org\/{rel}","templated":true}]}}