{"id":9538,"date":"2026-02-09T14:29:39","date_gmt":"2026-02-09T19:29:39","guid":{"rendered":"https:\/\/soyrojinegro.com\/web\/?p=9538"},"modified":"2026-02-09T14:37:12","modified_gmt":"2026-02-09T19:37:12","slug":"un-gran-refuerzo-animico","status":"publish","type":"post","link":"https:\/\/soyrojinegro.com\/web\/un-gran-refuerzo-animico\/","title":{"rendered":"Un gran refuerzo an\u00edmico"},"content":{"rendered":"\n<p>Esta es una nota que escribo como hincha que soy,  m\u00e1s all\u00e1 de cualquier consideraci\u00f3n adicional, el regreso de Salvador S\u00e1nchez al camerino rojinegro, me parece una muy buena noticia en medio de tanto desaz\u00f3n e incertidumbre con respecto a lo que ser\u00e1 el funcionamiento del equipo con el nuevo cuerpo t\u00e9cnico. <\/p>\n\n\n\n<p>Le quiero dar una gran Bienvenida y espero que esa buena energ\u00eda que el siempre ha tra\u00eddo al equipo rojinegro, se repita en este 2026, porque de verdad que la necesitamos urgentemente para salir de este gran bache en el que estamos. SALVADORRRR&#8230;..SALVADORRR BIENVENIDO SALVADOR!!<\/p>\n\n\n\n<p>Aprovecho el espacio para darles una felicitaci\u00f3n muy especial hoy en su d\u00eda a todos los periodistas deportivos con los que comparto en <strong>SOYOROJINEGRO.COM<\/strong>: <strong>Jhonsson Rojas, Leonardo Duque, Johan Garc\u00eda, Oscar Olarte, Ricardo Gutierrez, Jorge Diaz, Carlos Boada, Alejandro S\u00e1nchez, Jaime Barrera, Juan Camilo Garnica, Jaime Toscano, Carlos G\u00f3mez y Rafael Ar\u00e1mbula<\/strong>. Muchas gracias por su profesionalismo y dedicaci\u00f3n en la medida de lo posible para llevar adelante este proyecto. Un abrazo!<\/p>\n","protected":false},"excerpt":{"rendered":"<p>No estar\u00e1 en la cancha, pero fuera de ella en los momentos que lo necesitan los jugadores, siempre est\u00e1 ah\u00ed y es un gran refuerzo an\u00edmico&#8230;Bienvenido de regreso Salva!<\/p>\n","protected":false},"author":1,"featured_media":9539,"comment_status":"open","ping_status":"open","sticky":false,"template":"","format":"standard","meta":{"footnotes":""},"categories":[2,784,3,88],"tags":[23],"class_list":["post-9538","post","type-post","status-publish","format-standard","has-post-thumbnail","hentry","category-cucuta-deportivo","category-liga-betplay","category-noticias","category-opinion","tag-cucuta-deportivo-2"],"_links":{"self":[{"href":"https:\/\/soyrojinegro.com\/web\/wp-json\/wp\/v2\/posts\/9538","targetHints":{"allow":["GET"]}}],"collection":[{"href":"https:\/\/soyrojinegro.com\/web\/wp-json\/wp\/v2\/posts"}],"about":[{"href":"https:\/\/soyrojinegro.com\/web\/wp-json\/wp\/v2\/types\/post"}],"author":[{"embeddable":true,"href":"https:\/\/soyrojinegro.com\/web\/wp-json\/wp\/v2\/users\/1"}],"replies":[{"embeddable":true,"href":"https:\/\/soyrojinegro.com\/web\/wp-json\/wp\/v2\/comments?post=9538"}],"version-history":[{"count":4,"href":"https:\/\/soyrojinegro.com\/web\/wp-json\/wp\/v2\/posts\/9538\/revisions"}],"predecessor-version":[{"id":9544,"href":"https:\/\/soyrojinegro.com\/web\/wp-json\/wp\/v2\/posts\/9538\/revisions\/9544"}],"wp:featuredmedia":[{"embeddable":true,"href":"https:\/\/soyrojinegro.com\/web\/wp-json\/wp\/v2\/media\/9539"}],"wp:attachment":[{"href":"https:\/\/soyrojinegro.com\/web\/wp-json\/wp\/v2\/media?parent=9538"}],"wp:term":[{"taxonomy":"category","embeddable":true,"href":"https:\/\/soyrojinegro.com\/web\/wp-json\/wp\/v2\/categories?post=9538"},{"taxonomy":"post_tag","embeddable":true,"href":"https:\/\/soyrojinegro.com\/web\/wp-json\/wp\/v2\/tags?post=9538"}],"curies":[{"name":"wp","href":"https:\/\/api.w.org\/{rel}","templated":true}]}}