{"id":9545,"date":"2026-02-09T18:47:50","date_gmt":"2026-02-09T23:47:50","guid":{"rendered":"https:\/\/soyrojinegro.com\/web\/?p=9545"},"modified":"2026-02-09T18:47:50","modified_gmt":"2026-02-09T23:47:50","slug":"trabajo-y-confianza","status":"publish","type":"post","link":"https:\/\/soyrojinegro.com\/web\/trabajo-y-confianza\/","title":{"rendered":"Trabajo y confianza"},"content":{"rendered":"\n<p>Este martes 10 de febrero empieza la era de Richard P\u00e1ez, quien no termin\u00f3 de desempacar maletas, ni de acomodarse en el banquillo t\u00e9cnico y ya dirige su primer partido desde la raya, en casa y frente a un necesitado Independiente Medell\u00edn.<\/p>\n\n\n\n<p>Es de suponer que el t\u00e9cnico venezolano no har\u00e1 grandes cambios, dadas las pocas horas de trabajo, aunque una que otra instrucci\u00f3n impartir\u00e1 para que el equipo empiece a mostrar cosas diferentes dentro del campo.<\/p>\n\n\n\n<p>El cambio de timonel, como ocurre en la mayor\u00eda de casos, trae aire fresco, nuevas ideas, y esto le puede venir bien al equipo para ganar y devolverle la fe a una afici\u00f3n rojinegra desmotivada.<\/p>\n\n\n\n<p>Sin embargo, m\u00e1s que aires renovados, lo que necesita el grupo es confianza y trabajo, mucho trabajo. Ese que no pudo tener el \u2018Rolo\u2019 Fl\u00f3rez por la imposibilidad de contar con la plantilla completa para entrenar.<\/p>\n\n\n\n<p>Porque, seamos justos, la n\u00f3mina del C\u00facuta no est\u00e1 entre las peores del campeonato y puede aspirar a estar m\u00e1s arriba en la tabla. Pero debe afinar detalles y movimientos y eso se consigue con sesiones de entrenamiento.<\/p>\n\n\n\n<p>Debe aprender a cuidar los resultados, mantener la fortaleza f\u00edsica y mental en los segundos tiempos y, definitivamente, mejorar el juego a\u00e9reo, que le ha costado varios resultados. Por ah\u00ed debe empezar el trabajo del profe.<\/p>\n\n\n\n<p>Pero no todo es malo, encuentra a un equipo que es propositivo, muestra ganas y tiene hombres en ataque que han dejado ver su val\u00eda como Luifer Hern\u00e1ndez, Eduar Arizalas y el goleador Jaime Peralta, que cuando est\u00e1 concentrado marca diferencia.<\/p>\n\n\n\n<p>Ojal\u00e1 el partido con Medell\u00edn puede ser el punto de partida para empezar a cambiar la historia y que lleguen los triunfos que tanto anhela el hincha.<\/p>\n","protected":false},"excerpt":{"rendered":"<p>El t\u00e9cnico venezolano encuentra un equipo que es propositivo, muestra ganas y tiene hombres en ataque que han dejado ver su val\u00eda.<\/p>\n","protected":false},"author":4,"featured_media":9546,"comment_status":"open","ping_status":"open","sticky":false,"template":"","format":"standard","meta":{"footnotes":""},"categories":[88],"tags":[23,525],"class_list":["post-9545","post","type-post","status-publish","format-standard","has-post-thumbnail","hentry","category-opinion","tag-cucuta-deportivo-2","tag-liga-betplay"],"_links":{"self":[{"href":"https:\/\/soyrojinegro.com\/web\/wp-json\/wp\/v2\/posts\/9545","targetHints":{"allow":["GET"]}}],"collection":[{"href":"https:\/\/soyrojinegro.com\/web\/wp-json\/wp\/v2\/posts"}],"about":[{"href":"https:\/\/soyrojinegro.com\/web\/wp-json\/wp\/v2\/types\/post"}],"author":[{"embeddable":true,"href":"https:\/\/soyrojinegro.com\/web\/wp-json\/wp\/v2\/users\/4"}],"replies":[{"embeddable":true,"href":"https:\/\/soyrojinegro.com\/web\/wp-json\/wp\/v2\/comments?post=9545"}],"version-history":[{"count":1,"href":"https:\/\/soyrojinegro.com\/web\/wp-json\/wp\/v2\/posts\/9545\/revisions"}],"predecessor-version":[{"id":9547,"href":"https:\/\/soyrojinegro.com\/web\/wp-json\/wp\/v2\/posts\/9545\/revisions\/9547"}],"wp:featuredmedia":[{"embeddable":true,"href":"https:\/\/soyrojinegro.com\/web\/wp-json\/wp\/v2\/media\/9546"}],"wp:attachment":[{"href":"https:\/\/soyrojinegro.com\/web\/wp-json\/wp\/v2\/media?parent=9545"}],"wp:term":[{"taxonomy":"category","embeddable":true,"href":"https:\/\/soyrojinegro.com\/web\/wp-json\/wp\/v2\/categories?post=9545"},{"taxonomy":"post_tag","embeddable":true,"href":"https:\/\/soyrojinegro.com\/web\/wp-json\/wp\/v2\/tags?post=9545"}],"curies":[{"name":"wp","href":"https:\/\/api.w.org\/{rel}","templated":true}]}}