{"id":9656,"date":"2026-02-25T10:10:08","date_gmt":"2026-02-25T15:10:08","guid":{"rendered":"https:\/\/soyrojinegro.com\/web\/?p=9656"},"modified":"2026-02-25T10:10:08","modified_gmt":"2026-02-25T15:10:08","slug":"no-hay-negociaciones-entre-cucuta-y-omar-albornoz-hablo-su-representante","status":"publish","type":"post","link":"https:\/\/soyrojinegro.com\/web\/no-hay-negociaciones-entre-cucuta-y-omar-albornoz-hablo-su-representante\/","title":{"rendered":"No hay negociaciones entre C\u00facuta y Omar Albornoz: habl\u00f3 su representante"},"content":{"rendered":"\n<p>En las \u00faltimas horas ha trascendido que el jugador Omar Albornoz, de ultimo paso por Deportivo Pereira, ser\u00eda nuevo refuerzo del C\u00facuta Deportivo.<\/p>\n\n\n\n<p>Sin embargo, Edwin Campo, representante de Albornoz, le confirm\u00f3 este mi\u00e9rcoles a SOYROJINEGRO.COM que no hay ning\u00fan acuerdo para que el jugador se vista de rojinegro.<\/p>\n\n\n\n<p>&#8220;Estuvimos en conversaciones con el C\u00facuta, pero no llegamos a un acuerdo al final. Retomamos hace 15 d\u00edas, pero me dicen que con la llegada del profesor Richard P\u00e1ez todo cambi\u00f3, entonces hasta ah\u00ed llegaron las conversaciones&#8221;, le dijo Campo a este portal.<\/p>\n\n\n\n<p>&#8220;Los di\u00e1logos se podr\u00edan retomar otra vez, pero no hemos tenido contacto con la gente de C\u00facuta&#8221;, agreg\u00f3 el agente del jugador cartagenero.<\/p>\n\n\n\n<p>Omar Albornoz, de 30 a\u00f1os, juega como extremo o lateral por izquierda, y, adem\u00e1s de haber militado en Pereira, ha pasado por equipos como Santa Fe, Junior y Tolima.<\/p>\n\n\n\n<p>Cabe recordar que el cuadro motil\u00f3n cuenta con un cupo disponible y tiene plazo hasta el 6 de marzo para inscribirlo ante la Dimayor.<\/p>\n\n\n\n<p>C\u00facuta Deportivo sum\u00f3 su primera victoria (3-2) frente a Tolima el pasado lunes y ahora se prepara para jugar este domingo, 1 de marzo, frente a Deportivo Pasto en condici\u00f3n de visitante.<\/p>\n\n\n\n<p><strong>Juan Camilo Garnica, especial para Soyrojinegro.com<br><br>@juank_garnica<\/strong><\/p>\n","protected":false},"excerpt":{"rendered":"<p>El jugador cartagenero est\u00e1 sin equipo y ha sonado como posible refuerzo del conjunto motil\u00f3n.<\/p>\n","protected":false},"author":4,"featured_media":9657,"comment_status":"open","ping_status":"open","sticky":false,"template":"","format":"standard","meta":{"footnotes":""},"categories":[3],"tags":[23,801,808],"class_list":["post-9656","post","type-post","status-publish","format-standard","has-post-thumbnail","hentry","category-noticias","tag-cucuta-deportivo-2","tag-liga-betplay-2026-1","tag-omar-albornoz"],"_links":{"self":[{"href":"https:\/\/soyrojinegro.com\/web\/wp-json\/wp\/v2\/posts\/9656","targetHints":{"allow":["GET"]}}],"collection":[{"href":"https:\/\/soyrojinegro.com\/web\/wp-json\/wp\/v2\/posts"}],"about":[{"href":"https:\/\/soyrojinegro.com\/web\/wp-json\/wp\/v2\/types\/post"}],"author":[{"embeddable":true,"href":"https:\/\/soyrojinegro.com\/web\/wp-json\/wp\/v2\/users\/4"}],"replies":[{"embeddable":true,"href":"https:\/\/soyrojinegro.com\/web\/wp-json\/wp\/v2\/comments?post=9656"}],"version-history":[{"count":1,"href":"https:\/\/soyrojinegro.com\/web\/wp-json\/wp\/v2\/posts\/9656\/revisions"}],"predecessor-version":[{"id":9658,"href":"https:\/\/soyrojinegro.com\/web\/wp-json\/wp\/v2\/posts\/9656\/revisions\/9658"}],"wp:featuredmedia":[{"embeddable":true,"href":"https:\/\/soyrojinegro.com\/web\/wp-json\/wp\/v2\/media\/9657"}],"wp:attachment":[{"href":"https:\/\/soyrojinegro.com\/web\/wp-json\/wp\/v2\/media?parent=9656"}],"wp:term":[{"taxonomy":"category","embeddable":true,"href":"https:\/\/soyrojinegro.com\/web\/wp-json\/wp\/v2\/categories?post=9656"},{"taxonomy":"post_tag","embeddable":true,"href":"https:\/\/soyrojinegro.com\/web\/wp-json\/wp\/v2\/tags?post=9656"}],"curies":[{"name":"wp","href":"https:\/\/api.w.org\/{rel}","templated":true}]}}